{"id":24,"date":"2016-11-20T21:37:01","date_gmt":"2016-11-20T21:37:01","guid":{"rendered":"http:\/\/www.americaeb5visa.com\/?p=24"},"modified":"2020-04-29T20:30:55","modified_gmt":"2020-04-29T20:30:55","slug":"congresso-estende-o-programa-eb-5-centro-regional-para-31-de-marco","status":"publish","type":"post","link":"https:\/\/www.americaeb5visa.com\/br\/blog\/2016\/11\/20\/congresso-estende-o-programa-eb-5-centro-regional-para-31-de-marco\/","title":{"rendered":"Congresso estende o programa EB-5 Centro Regional para 31 de mar\u00e7o."},"content":{"rendered":"<div id=\"pl-24\"  class=\"panel-layout\" ><div id=\"pg-24-0\"  class=\"panel-grid panel-has-style\" ><div class=\"so-parallax siteorigin-panels-stretch panel-row-style panel-row-style-for-24-0\" data-stretch-type=\"full-stretched\" ><img fetchpriority=\"high\" decoding=\"async\" width=\"1338\" height=\"892\" src=\"https:\/\/www.americaeb5visa.com\/br\/wp-content\/uploads\/sites\/13\/2016\/12\/BlogDark.jpg\" class=\"attachment-full size-full\" alt=\"\" data-siteorigin-parallax=\"true\" loading=\"eager\" srcset=\"https:\/\/www.americaeb5visa.com\/br\/wp-content\/uploads\/sites\/13\/2016\/12\/BlogDark.jpg 1338w, https:\/\/www.americaeb5visa.com\/br\/wp-content\/uploads\/sites\/13\/2016\/12\/BlogDark-300x200.jpg 300w, https:\/\/www.americaeb5visa.com\/br\/wp-content\/uploads\/sites\/13\/2016\/12\/BlogDark-768x512.jpg 768w, https:\/\/www.americaeb5visa.com\/br\/wp-content\/uploads\/sites\/13\/2016\/12\/BlogDark-1024x683.jpg 1024w, https:\/\/www.americaeb5visa.com\/br\/wp-content\/uploads\/sites\/13\/2016\/12\/BlogDark-24x16.jpg 24w, https:\/\/www.americaeb5visa.com\/br\/wp-content\/uploads\/sites\/13\/2016\/12\/BlogDark-36x24.jpg 36w, https:\/\/www.americaeb5visa.com\/br\/wp-content\/uploads\/sites\/13\/2016\/12\/BlogDark-48x32.jpg 48w, https:\/\/www.americaeb5visa.com\/br\/wp-content\/uploads\/sites\/13\/2016\/12\/BlogDark-272x182.jpg 272w\" sizes=\"(max-width: 1338px) 100vw, 1338px\" \/><div id=\"pgc-24-0-0\"  class=\"panel-grid-cell\" ><div id=\"panel-24-0-0-0\" class=\"so-panel widget widget_text panel-first-child panel-last-child\" data-index=\"0\" >\t\t\t<div class=\"textwidget\"><h1  style=color:white;>Congresso estende o programa EB-5 Centro Regional para 31 de mar\u00e7o.\n<\/h1>\n<br>\n<h2  style=color:white;>O programa EB-5 previsto para prosperar sob Trump, mas dada a oposi\u00e7\u00e3o existente, agora \u00e9 a hora de investir.<\/h2>\n\n\n\n\n\n\n \n\n<\/div>\n\t\t<\/div><\/div><\/div><\/div><div id=\"pg-24-1\"  class=\"panel-grid panel-no-style\" ><div id=\"pgc-24-1-0\"  class=\"panel-grid-cell\" ><div id=\"panel-24-1-0-0\" class=\"so-panel widget widget_sow-editor panel-first-child panel-last-child\" data-index=\"1\" ><div\n\t\t\t\n\t\t\tclass=\"so-widget-sow-editor so-widget-sow-editor-base\"\n\t\t\t\n\t\t>\n<div class=\"siteorigin-widget-tinymce textwidget\">\n\t<h2>Voc\u00ea sabia?<\/h2>\n<p>Voc\u00ea sabia que em 18 de novembro, o Real Deal hospedou em Xangai um grupo de especialistas em EB-5, que anunciou que o programa EB-5 provavelmente continuar\u00e1 a prosperar sob o presidente eleito Donald Trump? \"Sua forte posi\u00e7\u00e3o \u00e9 contra a imigra\u00e7\u00e3o ilegal\", disse o ex-governador de Nova York, George Pataki. \"E EB-5 \u00e9 um programa legal de imigra\u00e7\u00e3o. Ele entende a necessidade de capital, a necessidade de investimento \".<\/p>\n<p>O esperado futuro brilhante do programa n\u00e3o \u00e9 a \u00fanica boa not\u00edcia. No m\u00eas passado, o Congresso concedeu uma extens\u00e3o tempor\u00e1ria, garantindo que os requisitos para o programa EB-5 permanecessem inalterados pelo menos at\u00e9 dezembro, mesmo enquanto legisladores estivessem buscando aumento do investimento m\u00ednimo de $ 500 mil para $ 800 mil. Felizmente, o Congresso anunciou que o financiamento do governo atual, de fato, ser\u00e1 prorrogado at\u00e9 31 de mar\u00e7o de 2017, o que significa que a lei do Centro Regional provavelmente tamb\u00e9m ser\u00e1 prorrogado at\u00e9 31 de mar\u00e7o. Como mencionado anteriormente, no entanto, um pacote de reforma EB-5 est\u00e1 em discuss\u00e3o, e qualquer decis\u00e3o provavelmente ser\u00e1 feita antes de 31 de mar\u00e7o. Uma vez que uma decis\u00e3o \u00e9 alcan\u00e7ada, qualquer nova reforma provavelmente n\u00e3o ser\u00e1 considerada para os pr\u00f3ximos anos.<\/p>\n<p>Isso significa que, para os investidores, agora \u00e9 a hora de come\u00e7ar o processo de investimento EB-5 e, para advogados ou promotores imobili\u00e1rios, \u00e9 tempo de pressionar o Congresso para continuar a ampliar o programa EB-5.<\/p>\n<\/div>\n<\/div><\/div><\/div><\/div><div id=\"pg-24-2\"  class=\"panel-grid panel-no-style\" ><div id=\"pgc-24-2-0\"  class=\"panel-grid-cell\" ><div id=\"panel-24-2-0-0\" class=\"so-panel widget widget_sow-button panel-first-child panel-last-child\" data-index=\"2\" ><div class=\"panel-widget-style panel-widget-style-for-24-2-0-0\" ><div\n\t\t\t\n\t\t\tclass=\"so-widget-sow-button so-widget-sow-button-atom-f54c0409268f-24\"\n\t\t\t\n\t\t><div class=\"ow-button-base ow-button-align-center\"\n>\n\t\t\t<a\n\t\t\t\t\thref=\"http:\/\/www.americaeb5visa.com\/br\/news\/\"\n\t\t\t\t\tclass=\"sowb-button ow-icon-placement-left ow-button-hover\" \t>\n\t\t<span>\n\t\t\t\n\t\t\tBack to news\t\t<\/span>\n\t\t\t<\/a>\n\t<\/div>\n<\/div><\/div><\/div><\/div><\/div><\/div>","protected":false},"excerpt":{"rendered":"<p>Voc\u00ea sabia que em 18 de novembro, o Real Deal hospedou em Xangai um grupo de especialistas em EB-5, que anunciou que o programa EB-5 provavelmente continuar\u00e1 a prosperar sob o presidente eleito Donald Trump? &#8220;Sua forte posi\u00e7\u00e3o \u00e9 contra a imigra\u00e7\u00e3o ilegal&#8221;, disse o ex-governador de Nova York, George Pataki. &#8220;E EB-5 \u00e9 um programa legal de imigra\u00e7\u00e3o. Ele entende a necessidade de capital, a necessidade de investimento &#8220;.<\/p>\n","protected":false},"author":1,"featured_media":398,"comment_status":"closed","ping_status":"closed","sticky":false,"template":"","format":"standard","meta":{"_acf_changed":false,"_monsterinsights_skip_tracking":false,"_monsterinsights_sitenote_active":false,"_monsterinsights_sitenote_note":"","_monsterinsights_sitenote_category":0,"footnotes":""},"categories":[1],"tags":[],"class_list":["post-24","post","type-post","status-publish","format-standard","has-post-thumbnail","hentry","category-uncategorized"],"acf":[],"rttpg_featured_image_url":{"full":["https:\/\/www.americaeb5visa.com\/br\/wp-content\/uploads\/sites\/13\/2017\/04\/RibbonAdobeStock_72339142-1.jpg",450,450,false],"landscape":["https:\/\/www.americaeb5visa.com\/br\/wp-content\/uploads\/sites\/13\/2017\/04\/RibbonAdobeStock_72339142-1.jpg",450,450,false],"portraits":["https:\/\/www.americaeb5visa.com\/br\/wp-content\/uploads\/sites\/13\/2017\/04\/RibbonAdobeStock_72339142-1.jpg",450,450,false],"thumbnail":["https:\/\/www.americaeb5visa.com\/br\/wp-content\/uploads\/sites\/13\/2017\/04\/RibbonAdobeStock_72339142-1-150x150.jpg",150,150,true],"medium":["https:\/\/www.americaeb5visa.com\/br\/wp-content\/uploads\/sites\/13\/2017\/04\/RibbonAdobeStock_72339142-1-300x300.jpg",300,300,true],"large":["https:\/\/www.americaeb5visa.com\/br\/wp-content\/uploads\/sites\/13\/2017\/04\/RibbonAdobeStock_72339142-1.jpg",450,450,false],"timeline-express":["https:\/\/www.americaeb5visa.com\/br\/wp-content\/uploads\/sites\/13\/2017\/04\/RibbonAdobeStock_72339142-1-350x120.jpg",350,120,true],"timeline-express-thumbnail":["https:\/\/www.americaeb5visa.com\/br\/wp-content\/uploads\/sites\/13\/2017\/04\/RibbonAdobeStock_72339142-1-200x120.jpg",200,120,true],"1536x1536":["https:\/\/www.americaeb5visa.com\/br\/wp-content\/uploads\/sites\/13\/2017\/04\/RibbonAdobeStock_72339142-1.jpg",450,450,false],"2048x2048":["https:\/\/www.americaeb5visa.com\/br\/wp-content\/uploads\/sites\/13\/2017\/04\/RibbonAdobeStock_72339142-1.jpg",450,450,false],"llorix-one-lite-post-thumbnail-big":["https:\/\/www.americaeb5visa.com\/br\/wp-content\/uploads\/sites\/13\/2017\/04\/RibbonAdobeStock_72339142-1-450x340.jpg",450,340,true],"llorix-one-lite-post-thumbnail-mobile":["https:\/\/www.americaeb5visa.com\/br\/wp-content\/uploads\/sites\/13\/2017\/04\/RibbonAdobeStock_72339142-1-450x233.jpg",450,233,true],"llorix-one-lite-post-thumbnail-latest-news":["https:\/\/www.americaeb5visa.com\/br\/wp-content\/uploads\/sites\/13\/2017\/04\/RibbonAdobeStock_72339142-1-150x150.jpg",150,150,true],"menu-24x24":["https:\/\/www.americaeb5visa.com\/br\/wp-content\/uploads\/sites\/13\/2017\/04\/RibbonAdobeStock_72339142-1-24x24.jpg",24,24,true],"menu-36x36":["https:\/\/www.americaeb5visa.com\/br\/wp-content\/uploads\/sites\/13\/2017\/04\/RibbonAdobeStock_72339142-1-36x36.jpg",36,36,true],"menu-48x48":["https:\/\/www.americaeb5visa.com\/br\/wp-content\/uploads\/sites\/13\/2017\/04\/RibbonAdobeStock_72339142-1-48x48.jpg",48,48,true],"sow-carousel-default":["https:\/\/www.americaeb5visa.com\/br\/wp-content\/uploads\/sites\/13\/2017\/04\/RibbonAdobeStock_72339142-1-272x182.jpg",272,182,true]},"rttpg_author":{"display_name":"AdminNIso","author_link":"https:\/\/www.americaeb5visa.com\/br\/blog\/author\/admin\/"},"rttpg_comment":0,"rttpg_category":"<a href=\"https:\/\/www.americaeb5visa.com\/br\/blog\/category\/uncategorized\/\" rel=\"category tag\">Uncategorized<\/a>","rttpg_excerpt":"Voc\u00ea sabia que em 18 de novembro, o Real Deal hospedou em Xangai um grupo de especialistas em EB-5, que anunciou que o programa EB-5 provavelmente continuar\u00e1 a prosperar sob o presidente eleito Donald Trump? \"Sua forte posi\u00e7\u00e3o \u00e9 contra a imigra\u00e7\u00e3o ilegal\", disse o ex-governador de Nova York, George Pataki. \"E EB-5 \u00e9 um&hellip;","_links":{"self":[{"href":"https:\/\/www.americaeb5visa.com\/br\/wp-json\/wp\/v2\/posts\/24","targetHints":{"allow":["GET"]}}],"collection":[{"href":"https:\/\/www.americaeb5visa.com\/br\/wp-json\/wp\/v2\/posts"}],"about":[{"href":"https:\/\/www.americaeb5visa.com\/br\/wp-json\/wp\/v2\/types\/post"}],"author":[{"embeddable":true,"href":"https:\/\/www.americaeb5visa.com\/br\/wp-json\/wp\/v2\/users\/1"}],"replies":[{"embeddable":true,"href":"https:\/\/www.americaeb5visa.com\/br\/wp-json\/wp\/v2\/comments?post=24"}],"version-history":[{"count":0,"href":"https:\/\/www.americaeb5visa.com\/br\/wp-json\/wp\/v2\/posts\/24\/revisions"}],"wp:featuredmedia":[{"embeddable":true,"href":"https:\/\/www.americaeb5visa.com\/br\/wp-json\/wp\/v2\/media\/398"}],"wp:attachment":[{"href":"https:\/\/www.americaeb5visa.com\/br\/wp-json\/wp\/v2\/media?parent=24"}],"wp:term":[{"taxonomy":"category","embeddable":true,"href":"https:\/\/www.americaeb5visa.com\/br\/wp-json\/wp\/v2\/categories?post=24"},{"taxonomy":"post_tag","embeddable":true,"href":"https:\/\/www.americaeb5visa.com\/br\/wp-json\/wp\/v2\/tags?post=24"}],"curies":[{"name":"wp","href":"https:\/\/api.w.org\/{rel}","templated":true}]}}