{"id":579,"date":"2020-04-27T01:23:32","date_gmt":"2020-04-27T01:23:32","guid":{"rendered":"http:\/\/www.americaeb5visa.com\/br\/?p=579"},"modified":"2020-04-27T01:33:12","modified_gmt":"2020-04-27T01:33:12","slug":"o-presidente-trump-assinou-uma-ordem-executiva-suspendendo-temporariamente-a-imigracao-para-os-eua-mas-relaxe-ela-nao-inclui-o-eb-5-e-muitos-outros-imigrantes-e-categorias-de-nao-imigrantes","status":"publish","type":"post","link":"https:\/\/www.americaeb5visa.com\/br\/blog\/2020\/04\/27\/o-presidente-trump-assinou-uma-ordem-executiva-suspendendo-temporariamente-a-imigracao-para-os-eua-mas-relaxe-ela-nao-inclui-o-eb-5-e-muitos-outros-imigrantes-e-categorias-de-nao-imigrantes\/","title":{"rendered":"O Presidente Trump assinou uma ordem executiva, suspendendo temporariamente a imigra\u00e7\u00e3o para os EUA. Mas relaxe, ela n\u00e3o inclui o EB-5 e muitos outros imigrantes e categorias de n\u00e3o imigrantes!"},"content":{"rendered":"<div id=\"pl-579\"  class=\"panel-layout\" ><div id=\"pg-579-0\"  class=\"panel-grid panel-has-style\" ><div class=\"siteorigin-panels-stretch panel-row-style panel-row-style-for-579-0\" data-stretch-type=\"full-stretched\" ><div id=\"pgc-579-0-0\"  class=\"panel-grid-cell\" ><div id=\"panel-579-0-0-0\" class=\"so-panel widget widget_sow-hero panel-first-child panel-last-child\" data-index=\"0\" ><div\n\t\t\t\n\t\t\tclass=\"so-widget-sow-hero so-widget-sow-hero-default-6e283e92799f-579 so-widget-fittext-wrapper\"\n\t\t\t data-fit-text-compressor=\"0.85\"\n\t\t>\t\t\t\t<div class=\"sow-slider-base\" style=\"display: none\" tabindex=\"0\">\n\t\t\t\t\t<ul\n\t\t\t\t\tclass=\"sow-slider-images\"\n\t\t\t\t\tdata-settings=\"{&quot;pagination&quot;:true,&quot;speed&quot;:800,&quot;timeout&quot;:8000,&quot;paused&quot;:false,&quot;pause_on_hover&quot;:false,&quot;swipe&quot;:true,&quot;nav_always_show_desktop&quot;:&quot;&quot;,&quot;nav_always_show_mobile&quot;:&quot;&quot;,&quot;breakpoint&quot;:&quot;780px&quot;,&quot;unmute&quot;:false,&quot;anchor&quot;:null}\"\n\t\t\t\t\t\t\t\t\t\tdata-anchor-id=\"\"\n\t\t\t\t>\t\t<li class=\"sow-slider-image\" style=\"visibility: visible;\" >\n\t\t\t\t\t<div class=\"sow-slider-image-container\">\n\t\t\t<div class=\"sow-slider-image-wrapper\">\n\t\t\t\t<h1 style=\"text-align: center\">O Presidente Trump assinou uma ordem executiva, suspendendo temporariamente a imigra\u00e7\u00e3o para os EUA. Mas relaxe, ela n\u00e3o inclui o EB-5 e muitos outros imigrantes e categorias de n\u00e3o imigrantes!<\/h1>\t\t\t<\/div>\n\t\t<\/div>\n\t\t\t\t<\/li>\n\t\t<\/ul>\t\t\t\t<ol class=\"sow-slider-pagination\">\n\t\t\t\t\t\t\t\t\t\t\t<li><a href=\"#\" data-goto=\"0\" aria-label=\"Display slide 1\"><\/a><\/li>\n\t\t\t\t\t\t\t\t\t<\/ol>\n\n\t\t\t\t<div class=\"sow-slide-nav sow-slide-nav-next\">\n\t\t\t\t\t<a href=\"#\" data-goto=\"next\" aria-label=\"Next slide\" data-action=\"next\">\n\t\t\t\t\t\t<em class=\"sow-sld-icon-thin-right\"><\/em>\n\t\t\t\t\t<\/a>\n\t\t\t\t<\/div>\n\n\t\t\t\t<div class=\"sow-slide-nav sow-slide-nav-prev\">\n\t\t\t\t\t<a href=\"#\" data-goto=\"previous\" aria-label=\"Previous slide\" data-action=\"prev\">\n\t\t\t\t\t\t<em class=\"sow-sld-icon-thin-left\"><\/em>\n\t\t\t\t\t<\/a>\n\t\t\t\t<\/div>\n\t\t\t\t<\/div><\/div><\/div><\/div><\/div><\/div><div id=\"pg-579-1\"  class=\"panel-grid panel-no-style\" ><div id=\"pgc-579-1-0\"  class=\"panel-grid-cell\" ><div id=\"panel-579-1-0-0\" class=\"so-panel widget widget_sow-editor panel-first-child panel-last-child\" data-index=\"1\" ><div\n\t\t\t\n\t\t\tclass=\"so-widget-sow-editor so-widget-sow-editor-base\"\n\t\t\t\n\t\t>\n<div class=\"siteorigin-widget-tinymce textwidget\">\n\t<h1><strong>Voc\u00ea sabia?<\/strong><\/h1>\n<p>&nbsp;<\/p>\n<h2><strong>O Presidente Trump assinou uma ordem executiva, suspendendo temporariamente a imigra\u00e7\u00e3o para os EUA. Mas relaxe, ela n\u00e3o inclui o EB-5 e muitos outros imigrantes e categorias de n\u00e3o imigrantes!<\/strong><\/h2>\n<p>&nbsp;<\/p>\n<p><strong>\u00a0<\/strong><\/p>\n<p>Quase todas as ag\u00eancias de not\u00edcias informaram que o Presidente Trump assinou uma ordem executiva na noite passada que limitar\u00e1 a imigra\u00e7\u00e3o para os Estados Unidos da Am\u00e9rica. Embora essas not\u00edcias pare\u00e7am bastante alarmantes para a maioria de nossos clientes, uma an\u00e1lise mais detalhada do pedido revela que n\u00e3o h\u00e1 preocupa\u00e7\u00f5es imediatas para nossos clientes EB-5.<\/p>\n<p>&nbsp;<\/p>\n<p>A principal inten\u00e7\u00e3o dessa ordem, conforme declarada pelo Presidente, \u00e9 proteger os empregos americanos. Em uma entrevista que ele deu esta manh\u00e3 ao Conselho de Migra\u00e7\u00e3o de Investimentos, Ron Klasko, Fundador e S\u00f3cio S\u00eanior da Klasko Immigration Law Partners, o LLP afirmou que nosso pa\u00eds passou de um recorde de baixo desemprego h\u00e1 apenas alguns meses, para registrar um recorde de alto desemprego, principalmente devido ao COVID-19.<\/p>\n<p>&nbsp;<\/p>\n<p>Como tal, o Presidente emitiu v\u00e1rias proibi\u00e7\u00f5es de viagem para limitar as pessoas que poderiam estar portando o v\u00edrus de entrar no solo americano. Agora, ao voltar sua aten\u00e7\u00e3o para um dos principais resultados da pandemia, que \u00e9 uma alta taxa de desemprego sem precedentes, ele emitiu uma ordem para limitar a imigra\u00e7\u00e3o para os EUA por 60 dias. Na entrevista, Ron tamb\u00e9m mencionou que espera que a suspens\u00e3o seja estendida, tanto em termos de dura\u00e7\u00e3o quanto em amplitude de \u00e1reas que abrange.<\/p>\n<p>&nbsp;<\/p>\n<p>Como mencionamos, o pedido deixa o EB-5, onde cada investidor \u00e9 obrigado a criar 10 ou mais posi\u00e7\u00f5es em per\u00edodo integral, fora de cena. Como o principal objetivo da suspens\u00e3o \u00e9 proteger os empregos americanos de serem preenchidos por imigrantes estrangeiros, seria contra intuitivo incluir o EB-5 no pedido.<\/p>\n<p>&nbsp;<\/p>\n<p>A ordem executiva n\u00e3o bloqueia pessoas que est\u00e3o nos Estados Unidos com vistos de n\u00e3o-imigrante, como F1, H-1B, L1, E2 etc., vistos do tipo. Al\u00e9m disso, os atuais portadores de green card, profissionais de sa\u00fade cuja fun\u00e7\u00e3o \u00e9 ajudar na luta contra a pandemia, c\u00f4njuges e filhos de cidad\u00e3os norte-americanos com menos de 21 anos de idade est\u00e3o todos isentos dessa ordem. \u00c9 importante lembrar que esta ordem apenas limita a entrada nos Estados Unidos com a inten\u00e7\u00e3o de imigrar.<\/p>\n<p>&nbsp;<\/p>\n<p>Os clientes que desejam entrar nos Estados Unidos com vistos de inten\u00e7\u00e3o de n\u00e3o-imigrante ou j\u00e1 est\u00e3o nos Estados Unidos com um visto de n\u00e3o-imigrante, como F1, H-1B, L1, E2 etc., ainda podem ajustar o status e procurar pelo green card. Por exemplo, os portadores de visto L1 podem solicitar EB1-C e H-1B, F1 ou E2 podem solicitar o EB-5 ou qualquer outro m\u00e9todo para obter um green card. Como tal, dado que todos os consulados dos EUA est\u00e3o fechados por enquanto, por um per\u00edodo indeterminado, alguns podem argumentar que o efeito dessa ordem executiva \u00e9 m\u00ednimo durante os 60 dias iniciais de implementa\u00e7\u00e3o. Dito isto, uma vez que h\u00e1 uma expectativa de que o pedido possa ser estendido em dura\u00e7\u00e3o e escopo, \u00e9 aconselh\u00e1vel que os clientes acelerem sua inscri\u00e7\u00e3o, enquanto o pedido exclui muitas dessas categorias de imigrantes e n\u00e3o imigrantes.<\/p>\n<p>&nbsp;<\/p>\n<p>A esse respeito, a Klasko Immigration, em um blog que eles enviaram a seus clientes esta manh\u00e3, relatou que \u201cembora a Ordem Executiva atualmente n\u00e3o afete os n\u00e3o imigrantes, o Presidente instruiu os Secret\u00e1rios do Departamento do Trabalho dos EUA e do Departamento de Seguran\u00e7a Interna a revisar todos os programas n\u00e3o-imigrantes para avaliar se algum dos programas pode ser modificado para \"estimular a economia dos Estados Unidos e garantir a prioriza\u00e7\u00e3o, contrata\u00e7\u00e3o e emprego dos Estados Unidos\". Ambos os secret\u00e1rios se reportar\u00e3o ao presidente em 22 de maio de 2020 ou aproximadamente \u201d.<\/p>\n<p>&nbsp;<\/p>\n<p>\u00c0 luz da incerteza que se avizinha ap\u00f3s o per\u00edodo inicial de 60 dias, recomendamos fortemente que nossos clientes sejam vigilantes e tomem medidas em vez de procrastinar. Percebemos que as mudan\u00e7as que ocorreram em novembro passado, agora h\u00e1 mais de cinco meses, nos montantes m\u00ednimos de investimento necess\u00e1rios que foram aumentados significativamente, juntamente com as novas defini\u00e7\u00f5es do que constitui um TEA e o que n\u00e3o, mant\u00eam muitos de nossos clientes \u00e0 margem. Dito isto, se voc\u00ea tem um plano de m\u00e9dio a longo prazo para imigrar para os Estados Unidos, pode fazer muito sentido revisar suas op\u00e7\u00f5es agora, antes que seja tarde demais.<\/p>\n<p>&nbsp;<\/p>\n<p>Se voc\u00ea deseja obter mais informa\u00e7\u00f5es sobre a ordem executiva do Presidente ou sobre o EB-5 em geral, n\u00e3o hesite em nos ligar <a href=\"http:\/\/Tel:+9173559251\">+ 1 917 355 9251<\/a> (Whatssap) ou nos escreva um e-mail! <a href=\"mailto:info@americaeb5visa.com\">info@americaeb5visa.com<\/a><\/p>\n<p><em>Postado por americaeb5visa em 23 de abril de 2020<\/em><\/p>\n<\/div>\n<\/div><\/div><\/div><\/div><div id=\"pg-579-2\"  class=\"panel-grid panel-no-style\" ><div id=\"pgc-579-2-0\"  class=\"panel-grid-cell\" ><div id=\"panel-579-2-0-0\" class=\"so-panel widget widget_sow-button panel-first-child panel-last-child\" data-index=\"2\" ><div class=\"panel-widget-style panel-widget-style-for-579-2-0-0\" ><div\n\t\t\t\n\t\t\tclass=\"so-widget-sow-button so-widget-sow-button-atom-f54c0409268f-579\"\n\t\t\t\n\t\t><div class=\"ow-button-base ow-button-align-center\"\n>\n\t\t\t<a\n\t\t\t\t\thref=\"http:\/\/www.americaeb5visa.com\/br\/news\/\"\n\t\t\t\t\tclass=\"sowb-button ow-icon-placement-left ow-button-hover\" \t>\n\t\t<span>\n\t\t\t\n\t\t\tBack to News\t\t<\/span>\n\t\t\t<\/a>\n\t<\/div>\n<\/div><\/div><\/div><\/div><\/div><\/div>","protected":false},"excerpt":{"rendered":"<p>Voc\u00ea sabia? &nbsp; O Presidente Trump assinou uma ordem executiva, suspendendo temporariamente a imigra\u00e7\u00e3o para os EUA. Mas relaxe, ela n\u00e3o inclui o EB-5 e muitos outros imigrantes e categorias de n\u00e3o imigrantes! &nbsp; \u00a0 Quase todas as ag\u00eancias de not\u00edcias informaram que o Presidente Trump assinou uma ordem executiva na noite passada que limitar\u00e1<a class=\"moretag\" href=\"https:\/\/www.americaeb5visa.com\/br\/blog\/2020\/04\/27\/o-presidente-trump-assinou-uma-ordem-executiva-suspendendo-temporariamente-a-imigracao-para-os-eua-mas-relaxe-ela-nao-inclui-o-eb-5-e-muitos-outros-imigrantes-e-categorias-de-nao-imigrantes\/\"><span class=\"screen-reader-text\">Read more about O Presidente Trump assinou uma ordem executiva, suspendendo temporariamente a imigra\u00e7\u00e3o para os EUA. Mas relaxe, ela n\u00e3o inclui o EB-5 e muitos outros imigrantes e categorias de n\u00e3o imigrantes!<\/span>[&#8230;]<\/a><\/p>\n","protected":false},"author":1,"featured_media":580,"comment_status":"closed","ping_status":"closed","sticky":false,"template":"","format":"standard","meta":{"_acf_changed":false,"_monsterinsights_skip_tracking":false,"_monsterinsights_sitenote_active":false,"_monsterinsights_sitenote_note":"","_monsterinsights_sitenote_category":0,"footnotes":""},"categories":[11],"tags":[],"class_list":["post-579","post","type-post","status-publish","format-standard","has-post-thumbnail","hentry","category-news"],"acf":[],"rttpg_featured_image_url":{"full":["https:\/\/www.americaeb5visa.com\/br\/wp-content\/uploads\/sites\/13\/2020\/04\/trump-2546104-thumbnail-scaled.jpg",2560,1110,false],"landscape":["https:\/\/www.americaeb5visa.com\/br\/wp-content\/uploads\/sites\/13\/2020\/04\/trump-2546104-thumbnail-scaled.jpg",2560,1110,false],"portraits":["https:\/\/www.americaeb5visa.com\/br\/wp-content\/uploads\/sites\/13\/2020\/04\/trump-2546104-thumbnail-scaled.jpg",2560,1110,false],"thumbnail":["https:\/\/www.americaeb5visa.com\/br\/wp-content\/uploads\/sites\/13\/2020\/04\/trump-2546104-thumbnail-150x150.jpg",150,150,true],"medium":["https:\/\/www.americaeb5visa.com\/br\/wp-content\/uploads\/sites\/13\/2020\/04\/trump-2546104-thumbnail-300x130.jpg",300,130,true],"large":["https:\/\/www.americaeb5visa.com\/br\/wp-content\/uploads\/sites\/13\/2020\/04\/trump-2546104-thumbnail-1024x444.jpg",730,317,true],"timeline-express":["https:\/\/www.americaeb5visa.com\/br\/wp-content\/uploads\/sites\/13\/2020\/04\/trump-2546104-thumbnail-350x120.jpg",350,120,true],"timeline-express-thumbnail":["https:\/\/www.americaeb5visa.com\/br\/wp-content\/uploads\/sites\/13\/2020\/04\/trump-2546104-thumbnail-200x120.jpg",200,120,true],"1536x1536":["https:\/\/www.americaeb5visa.com\/br\/wp-content\/uploads\/sites\/13\/2020\/04\/trump-2546104-thumbnail-1536x666.jpg",1536,666,true],"2048x2048":["https:\/\/www.americaeb5visa.com\/br\/wp-content\/uploads\/sites\/13\/2020\/04\/trump-2546104-thumbnail-2048x888.jpg",2048,888,true],"llorix-one-lite-post-thumbnail-big":["https:\/\/www.americaeb5visa.com\/br\/wp-content\/uploads\/sites\/13\/2020\/04\/trump-2546104-thumbnail-730x340.jpg",730,340,true],"llorix-one-lite-post-thumbnail-mobile":["https:\/\/www.americaeb5visa.com\/br\/wp-content\/uploads\/sites\/13\/2020\/04\/trump-2546104-thumbnail-500x233.jpg",500,233,true],"llorix-one-lite-post-thumbnail-latest-news":["https:\/\/www.americaeb5visa.com\/br\/wp-content\/uploads\/sites\/13\/2020\/04\/trump-2546104-thumbnail-150x150.jpg",150,150,true],"menu-24x24":["https:\/\/www.americaeb5visa.com\/br\/wp-content\/uploads\/sites\/13\/2020\/04\/trump-2546104-thumbnail-24x10.jpg",24,10,true],"menu-36x36":["https:\/\/www.americaeb5visa.com\/br\/wp-content\/uploads\/sites\/13\/2020\/04\/trump-2546104-thumbnail-36x16.jpg",36,16,true],"menu-48x48":["https:\/\/www.americaeb5visa.com\/br\/wp-content\/uploads\/sites\/13\/2020\/04\/trump-2546104-thumbnail-48x21.jpg",48,21,true],"sow-carousel-default":["https:\/\/www.americaeb5visa.com\/br\/wp-content\/uploads\/sites\/13\/2020\/04\/trump-2546104-thumbnail-272x182.jpg",272,182,true]},"rttpg_author":{"display_name":"AdminNIso","author_link":"https:\/\/www.americaeb5visa.com\/br\/blog\/author\/admin\/"},"rttpg_comment":0,"rttpg_category":"<a href=\"https:\/\/www.americaeb5visa.com\/br\/blog\/category\/news\/\" rel=\"category tag\">News<\/a>","rttpg_excerpt":"Voc\u00ea sabia? &nbsp; O Presidente Trump assinou uma ordem executiva, suspendendo temporariamente a imigra\u00e7\u00e3o para os EUA. Mas relaxe, ela n\u00e3o inclui o EB-5 e muitos outros imigrantes e categorias de n\u00e3o imigrantes! &nbsp; \u00a0 Quase todas as ag\u00eancias de not\u00edcias informaram que o Presidente Trump assinou uma ordem executiva na noite passada que limitar\u00e1Read&hellip;","_links":{"self":[{"href":"https:\/\/www.americaeb5visa.com\/br\/wp-json\/wp\/v2\/posts\/579","targetHints":{"allow":["GET"]}}],"collection":[{"href":"https:\/\/www.americaeb5visa.com\/br\/wp-json\/wp\/v2\/posts"}],"about":[{"href":"https:\/\/www.americaeb5visa.com\/br\/wp-json\/wp\/v2\/types\/post"}],"author":[{"embeddable":true,"href":"https:\/\/www.americaeb5visa.com\/br\/wp-json\/wp\/v2\/users\/1"}],"replies":[{"embeddable":true,"href":"https:\/\/www.americaeb5visa.com\/br\/wp-json\/wp\/v2\/comments?post=579"}],"version-history":[{"count":0,"href":"https:\/\/www.americaeb5visa.com\/br\/wp-json\/wp\/v2\/posts\/579\/revisions"}],"wp:featuredmedia":[{"embeddable":true,"href":"https:\/\/www.americaeb5visa.com\/br\/wp-json\/wp\/v2\/media\/580"}],"wp:attachment":[{"href":"https:\/\/www.americaeb5visa.com\/br\/wp-json\/wp\/v2\/media?parent=579"}],"wp:term":[{"taxonomy":"category","embeddable":true,"href":"https:\/\/www.americaeb5visa.com\/br\/wp-json\/wp\/v2\/categories?post=579"},{"taxonomy":"post_tag","embeddable":true,"href":"https:\/\/www.americaeb5visa.com\/br\/wp-json\/wp\/v2\/tags?post=579"}],"curies":[{"name":"wp","href":"https:\/\/api.w.org\/{rel}","templated":true}]}}