{"id":22,"date":"2016-12-19T21:36:43","date_gmt":"2016-12-19T21:36:43","guid":{"rendered":"http:\/\/www.americaeb5visa.com\/?p=22"},"modified":"2020-04-29T20:29:21","modified_gmt":"2020-04-29T20:29:21","slug":"el-6-de-diciembre-de-2016","status":"publish","type":"post","link":"https:\/\/www.americaeb5visa.com\/es\/2016\/12\/19\/el-6-de-diciembre-de-2016\/","title":{"rendered":"El 6 de diciembre de 2016, el Congreso de Estados Unidos aprob\u00f3 la legislaci\u00f3n de Resoluci\u00f3n Continua (CR)."},"content":{"rendered":"<div id=\"pl-22\"  class=\"panel-layout\" ><div id=\"pg-22-0\"  class=\"panel-grid panel-has-style\" ><div class=\"siteorigin-panels-stretch panel-row-style panel-row-style-for-22-0\" data-stretch-type=\"full-stretched\" ><div id=\"pgc-22-0-0\"  class=\"panel-grid-cell\" ><div id=\"panel-22-0-0-0\" class=\"so-panel widget widget_sow-hero panel-first-child panel-last-child\" data-index=\"0\" ><div\n\t\t\t\n\t\t\tclass=\"so-widget-sow-hero so-widget-sow-hero-default-89b41ad833c8-22 so-widget-fittext-wrapper\"\n\t\t\t data-fit-text-compressor=\"0.85\"\n\t\t>\t\t\t\t<div class=\"sow-slider-base\" style=\"display: none\" tabindex=\"0\">\n\t\t\t\t\t<ul\n\t\t\t\t\tclass=\"sow-slider-images\"\n\t\t\t\t\tdata-settings=\"{&quot;pagination&quot;:true,&quot;speed&quot;:800,&quot;timeout&quot;:8000,&quot;paused&quot;:false,&quot;pause_on_hover&quot;:false,&quot;swipe&quot;:true,&quot;nav_always_show_desktop&quot;:&quot;&quot;,&quot;nav_always_show_mobile&quot;:&quot;&quot;,&quot;breakpoint&quot;:&quot;780px&quot;,&quot;unmute&quot;:false,&quot;anchor&quot;:null}\"\n\t\t\t\t\tstyle=\"min-height: 500px\"\t\t\t\t\tdata-anchor-id=\"\"\n\t\t\t\t>\t\t<li class=\"sow-slider-image  sow-slider-image-cover\" style=\"visibility: visible;;background-color: #333333;background-image: url(https:\/\/www.americaeb5visa.com\/es\/wp-content\/uploads\/sites\/12\/2016\/09\/NewsBackground.jpg)\" >\n\t\t\t\t\t<div class=\"sow-slider-image-container\">\n\t\t\t<div class=\"sow-slider-image-wrapper\">\n\t\t\t\t<h1 style=\"text-align: center\"><strong>El 6 de diciembre de 2016, el Congreso de Estados Unidos aprob\u00f3 la legislaci\u00f3n de Resoluci\u00f3n Continua (CR).<\/strong><\/h1><p>\u00a0<\/p><h2 style=\"text-align: center\"><strong>El 23 de diciembre, algunos de las tarifas gubernamentales relacionadas con la visa EB-5 tambi\u00e9n se incrementar\u00e1n<\/strong><\/h2>\t\t\t<\/div>\n\t\t<\/div>\n\t\t\t\t<\/li>\n\t\t<\/ul>\t\t\t\t<ol class=\"sow-slider-pagination\">\n\t\t\t\t\t\t\t\t\t\t\t<li><a href=\"#\" data-goto=\"0\" aria-label=\"Display slide 1\"><\/a><\/li>\n\t\t\t\t\t\t\t\t\t<\/ol>\n\n\t\t\t\t<div class=\"sow-slide-nav sow-slide-nav-next\">\n\t\t\t\t\t<a href=\"#\" data-goto=\"next\" aria-label=\"Next slide\" data-action=\"next\">\n\t\t\t\t\t\t<em class=\"sow-sld-icon-thin-right\"><\/em>\n\t\t\t\t\t<\/a>\n\t\t\t\t<\/div>\n\n\t\t\t\t<div class=\"sow-slide-nav sow-slide-nav-prev\">\n\t\t\t\t\t<a href=\"#\" data-goto=\"previous\" aria-label=\"Previous slide\" data-action=\"prev\">\n\t\t\t\t\t\t<em class=\"sow-sld-icon-thin-left\"><\/em>\n\t\t\t\t\t<\/a>\n\t\t\t\t<\/div>\n\t\t\t\t<\/div><\/div><\/div><\/div><\/div><\/div><div id=\"pg-22-1\"  class=\"panel-grid panel-no-style\" ><div id=\"pgc-22-1-0\"  class=\"panel-grid-cell\" ><div id=\"panel-22-1-0-0\" class=\"so-panel widget widget_sow-editor panel-first-child panel-last-child\" data-index=\"1\" ><div\n\t\t\t\n\t\t\tclass=\"so-widget-sow-editor so-widget-sow-editor-base\"\n\t\t\t\n\t\t>\n<div class=\"siteorigin-widget-tinymce textwidget\">\n\t<h1><strong>El 6 de diciembre de 2016, el Congreso de Estados Unidos aprob\u00f3 la legislaci\u00f3n de Resoluci\u00f3n Continua (CR).<\/strong><\/h1>\n<h2><strong>El 23 de diciembre, algunos de las tarifas gubernamentales relacionadas con la visa EB-5 tambi\u00e9n se incrementar\u00e1n<\/strong><\/h2>\n<p><em>Publicado por americaeb5visa el 19 de diciembre de 2016<\/em><\/p>\n<h2>\u00a0<\/h2>\n<h2><strong>\u00bfSab\u00eda Usted?<\/strong><\/h2>\n<p>El 6 de diciembre de 2016, el Congreso de Estados Unidos aprob\u00f3 la legislaci\u00f3n de Resoluci\u00f3n Continua (CR). En cuanto a la parte EB-5 de la resoluci\u00f3n, los US$ 500,000 para TEA (\u00e1reas de empleo designadas) se extender\u00e1n hasta el 28 de abril de 2017. No obstante el peligro de un aumento retroactivo, creemos que los inversionistas que est\u00e1n considerando seriamente participar en el programa EB5 en un futuro pr\u00f3ximo, deben actuar pronto antes de la posible revisi\u00f3n y aumento de la cantidad de inversi\u00f3n requerida.<\/p>\n<p>El 23 de diciembre tambi\u00e9n se incrementar\u00e1n algunos de las tarifas gubernamentales relacionadas con EB-5:<\/p>\n<p><em>Tarifas al 23 de diciembre de 2016<\/em><\/p>\n<p>Aplicaci\u00f3n I-526 \u00a0 \u00a0 \u00a0 \u00a0US$ 3,675<\/p>\n<p>I-485 para Registrar Residencia Permanente o Ajustar Status \u00a0 \u00a0 \u00a0 \u00a0US$ 1.140<\/p>\n<p>I-829 para eliminar Condiciones \u00a0 \u00a0 \u00a0 \u00a0US$ 3.750<\/p>\n<p>Tarifa de inmigraci\u00f3n del USCIS \u00a0 \u00a0 \u00a0 \u00a0US$ 220<\/p>\n<p>\u00a0<\/p>\n<p>Para m\u00e1s informaci\u00f3n, env\u00edenos un correo electr\u00f3nico a <a href=\"mailto:info@americaeb5visa.com\">info@americaeb5visa.com<\/a> o ll\u00e1menos al +1 (917) -355-9251.<\/p>\n<\/div>\n<\/div><\/div><\/div><\/div><div id=\"pg-22-2\"  class=\"panel-grid panel-no-style\" ><div id=\"pgc-22-2-0\"  class=\"panel-grid-cell\" ><div id=\"panel-22-2-0-0\" class=\"so-panel widget widget_sow-button panel-first-child panel-last-child\" data-index=\"2\" ><div class=\"panel-widget-style panel-widget-style-for-22-2-0-0\" ><div\n\t\t\t\n\t\t\tclass=\"so-widget-sow-button so-widget-sow-button-atom-f54c0409268f-22\"\n\t\t\t\n\t\t><div class=\"ow-button-base ow-button-align-center\"\n>\n\t\t\t<a\n\t\t\t\t\thref=\"http:\/\/www.americaeb5visa.com\/es\/noticias-news\/\"\n\t\t\t\t\tclass=\"sowb-button ow-icon-placement-left ow-button-hover\" \t>\n\t\t<span>\n\t\t\t\n\t\t\tVolver a noticias\t\t<\/span>\n\t\t\t<\/a>\n\t<\/div>\n<\/div><\/div><\/div><\/div><\/div><\/div>","protected":false},"excerpt":{"rendered":"<p>El 6 de diciembre de 2016, el Congreso de Estados Unidos aprob\u00f3 la legislaci\u00f3n de Resoluci\u00f3n Continua (CR).El 23 de diciembre, algunos de las tarifas gubernamentales relacionadas con la visa EB-5 tambi\u00e9n se incrementar\u00e1nPublicado por americaeb5visa el 19 de diciembre de 2016\u00a0\u00bfSab\u00eda Usted?El 6 de diciembre de 2016, el Congreso de Estados Unidos aprob\u00f3 la<a class=\"moretag\" href=\"https:\/\/www.americaeb5visa.com\/es\/2016\/12\/19\/el-6-de-diciembre-de-2016\/\"><span class=\"screen-reader-text\">Read more about El 6 de diciembre de 2016, el Congreso de Estados Unidos aprob\u00f3 la legislaci\u00f3n de Resoluci\u00f3n Continua (CR).<\/span>[&#8230;]<\/a><\/p>\n","protected":false},"author":1,"featured_media":109,"comment_status":"closed","ping_status":"closed","sticky":false,"template":"","format":"standard","meta":{"_acf_changed":false,"_monsterinsights_skip_tracking":false,"_monsterinsights_sitenote_active":false,"_monsterinsights_sitenote_note":"","_monsterinsights_sitenote_category":0,"footnotes":""},"categories":[1],"tags":[],"class_list":["post-22","post","type-post","status-publish","format-standard","has-post-thumbnail","hentry","category-uncategorized"],"acf":[],"rttpg_featured_image_url":{"full":["https:\/\/www.americaeb5visa.com\/es\/wp-content\/uploads\/sites\/12\/2016\/12\/AdobeStock_90716084.jpg",2560,1988,false],"landscape":["https:\/\/www.americaeb5visa.com\/es\/wp-content\/uploads\/sites\/12\/2016\/12\/AdobeStock_90716084.jpg",2560,1988,false],"portraits":["https:\/\/www.americaeb5visa.com\/es\/wp-content\/uploads\/sites\/12\/2016\/12\/AdobeStock_90716084.jpg",2560,1988,false],"thumbnail":["https:\/\/www.americaeb5visa.com\/es\/wp-content\/uploads\/sites\/12\/2016\/12\/AdobeStock_90716084-150x150.jpg",150,150,true],"medium":["https:\/\/www.americaeb5visa.com\/es\/wp-content\/uploads\/sites\/12\/2016\/12\/AdobeStock_90716084-300x233.jpg",300,233,true],"large":["https:\/\/www.americaeb5visa.com\/es\/wp-content\/uploads\/sites\/12\/2016\/12\/AdobeStock_90716084-1024x795.jpg",730,567,true],"timeline-express":["https:\/\/www.americaeb5visa.com\/es\/wp-content\/uploads\/sites\/12\/2016\/12\/AdobeStock_90716084-350x120.jpg",350,120,true],"timeline-express-thumbnail":["https:\/\/www.americaeb5visa.com\/es\/wp-content\/uploads\/sites\/12\/2016\/12\/AdobeStock_90716084-200x120.jpg",200,120,true],"1536x1536":["https:\/\/www.americaeb5visa.com\/es\/wp-content\/uploads\/sites\/12\/2016\/12\/AdobeStock_90716084.jpg",1536,1193,false],"2048x2048":["https:\/\/www.americaeb5visa.com\/es\/wp-content\/uploads\/sites\/12\/2016\/12\/AdobeStock_90716084.jpg",2048,1590,false],"llorix-one-lite-post-thumbnail-big":["https:\/\/www.americaeb5visa.com\/es\/wp-content\/uploads\/sites\/12\/2016\/12\/AdobeStock_90716084-730x340.jpg",730,340,true],"llorix-one-lite-post-thumbnail-mobile":["https:\/\/www.americaeb5visa.com\/es\/wp-content\/uploads\/sites\/12\/2016\/12\/AdobeStock_90716084-500x233.jpg",500,233,true],"llorix-one-lite-post-thumbnail-latest-news":["https:\/\/www.americaeb5visa.com\/es\/wp-content\/uploads\/sites\/12\/2016\/12\/AdobeStock_90716084-150x150.jpg",150,150,true],"menu-24x24":["https:\/\/www.americaeb5visa.com\/es\/wp-content\/uploads\/sites\/12\/2016\/12\/AdobeStock_90716084-24x19.jpg",24,19,true],"menu-36x36":["https:\/\/www.americaeb5visa.com\/es\/wp-content\/uploads\/sites\/12\/2016\/12\/AdobeStock_90716084-36x28.jpg",36,28,true],"menu-48x48":["https:\/\/www.americaeb5visa.com\/es\/wp-content\/uploads\/sites\/12\/2016\/12\/AdobeStock_90716084-48x37.jpg",48,37,true],"sow-carousel-default":["https:\/\/www.americaeb5visa.com\/es\/wp-content\/uploads\/sites\/12\/2016\/12\/AdobeStock_90716084-272x182.jpg",272,182,true]},"rttpg_author":{"display_name":"AdminNIso","author_link":"https:\/\/www.americaeb5visa.com\/es\/author\/admin\/"},"rttpg_comment":0,"rttpg_category":"<a href=\"https:\/\/www.americaeb5visa.com\/es\/category\/uncategorized\/\" rel=\"category tag\">Uncategorized<\/a>","rttpg_excerpt":"El 6 de diciembre de 2016, el Congreso de Estados Unidos aprob\u00f3 la legislaci\u00f3n de Resoluci\u00f3n Continua (CR).El 23 de diciembre, algunos de las tarifas gubernamentales relacionadas con la visa EB-5 tambi\u00e9n se incrementar\u00e1nPublicado por americaeb5visa el 19 de diciembre de 2016\u00a0\u00bfSab\u00eda Usted?El 6 de diciembre de 2016, el Congreso de Estados Unidos aprob\u00f3 laRead&hellip;","_links":{"self":[{"href":"https:\/\/www.americaeb5visa.com\/es\/wp-json\/wp\/v2\/posts\/22","targetHints":{"allow":["GET"]}}],"collection":[{"href":"https:\/\/www.americaeb5visa.com\/es\/wp-json\/wp\/v2\/posts"}],"about":[{"href":"https:\/\/www.americaeb5visa.com\/es\/wp-json\/wp\/v2\/types\/post"}],"author":[{"embeddable":true,"href":"https:\/\/www.americaeb5visa.com\/es\/wp-json\/wp\/v2\/users\/1"}],"replies":[{"embeddable":true,"href":"https:\/\/www.americaeb5visa.com\/es\/wp-json\/wp\/v2\/comments?post=22"}],"version-history":[{"count":0,"href":"https:\/\/www.americaeb5visa.com\/es\/wp-json\/wp\/v2\/posts\/22\/revisions"}],"wp:featuredmedia":[{"embeddable":true,"href":"https:\/\/www.americaeb5visa.com\/es\/wp-json\/wp\/v2\/media\/109"}],"wp:attachment":[{"href":"https:\/\/www.americaeb5visa.com\/es\/wp-json\/wp\/v2\/media?parent=22"}],"wp:term":[{"taxonomy":"category","embeddable":true,"href":"https:\/\/www.americaeb5visa.com\/es\/wp-json\/wp\/v2\/categories?post=22"},{"taxonomy":"post_tag","embeddable":true,"href":"https:\/\/www.americaeb5visa.com\/es\/wp-json\/wp\/v2\/tags?post=22"}],"curies":[{"name":"wp","href":"https:\/\/api.w.org\/{rel}","templated":true}]}}