{"id":26,"date":"2016-10-06T21:37:14","date_gmt":"2016-10-06T21:37:14","guid":{"rendered":"http:\/\/www.americaeb5visa.com\/?p=26"},"modified":"2020-04-29T20:30:47","modified_gmt":"2020-04-29T20:30:47","slug":"el-senado-extendio-el-programa-del-centro-regional-eb-5-al-9-de-diciembresenate-extended-eb-5-regional-center-program-to-december-9th","status":"publish","type":"post","link":"https:\/\/www.americaeb5visa.com\/es\/2016\/10\/06\/el-senado-extendio-el-programa-del-centro-regional-eb-5-al-9-de-diciembresenate-extended-eb-5-regional-center-program-to-december-9th\/","title":{"rendered":"El Senado extendi\u00f3 el programa del Centro Regional EB-5 al 9 de diciembre"},"content":{"rendered":"<div id=\"pl-26\"  class=\"panel-layout\" ><div id=\"pg-26-0\"  class=\"panel-grid panel-has-style\" ><div class=\"siteorigin-panels-stretch panel-row-style panel-row-style-for-26-0\" data-stretch-type=\"full-stretched\" ><div id=\"pgc-26-0-0\"  class=\"panel-grid-cell\" ><div id=\"panel-26-0-0-0\" class=\"so-panel widget widget_sow-hero panel-first-child panel-last-child\" data-index=\"0\" ><div\n\t\t\t\n\t\t\tclass=\"so-widget-sow-hero so-widget-sow-hero-default-89b41ad833c8-26 so-widget-fittext-wrapper\"\n\t\t\t data-fit-text-compressor=\"0.85\"\n\t\t>\t\t\t\t<div class=\"sow-slider-base\" style=\"display: none\" tabindex=\"0\">\n\t\t\t\t\t<ul\n\t\t\t\t\tclass=\"sow-slider-images\"\n\t\t\t\t\tdata-settings=\"{&quot;pagination&quot;:true,&quot;speed&quot;:800,&quot;timeout&quot;:8000,&quot;paused&quot;:false,&quot;pause_on_hover&quot;:false,&quot;swipe&quot;:true,&quot;nav_always_show_desktop&quot;:&quot;&quot;,&quot;nav_always_show_mobile&quot;:&quot;&quot;,&quot;breakpoint&quot;:&quot;780px&quot;,&quot;unmute&quot;:false,&quot;anchor&quot;:null}\"\n\t\t\t\t\tstyle=\"min-height: 500px\"\t\t\t\t\tdata-anchor-id=\"\"\n\t\t\t\t>\t\t<li class=\"sow-slider-image  sow-slider-image-cover\" style=\"visibility: visible;;background-color: #333333;background-image: url(https:\/\/www.americaeb5visa.com\/es\/wp-content\/uploads\/sites\/12\/2016\/09\/NewsBackground.jpg)\" >\n\t\t\t\t\t<div class=\"sow-slider-image-container\">\n\t\t\t<div class=\"sow-slider-image-wrapper\">\n\t\t\t\t<h1 style=\"text-align: center\"><strong>El Senado extendi\u00f3 el programa del Centro Regional EB-5 al 9 de diciembre<\/strong><\/h1><h2 style=\"text-align: center\"><strong>\u00a1Mant\u00e9ngase atento para m\u00e1s informaci\u00f3n!<\/strong><\/h2>\t\t\t<\/div>\n\t\t<\/div>\n\t\t\t\t<\/li>\n\t\t<\/ul>\t\t\t\t<ol class=\"sow-slider-pagination\">\n\t\t\t\t\t\t\t\t\t\t\t<li><a href=\"#\" data-goto=\"0\" aria-label=\"Display slide 1\"><\/a><\/li>\n\t\t\t\t\t\t\t\t\t<\/ol>\n\n\t\t\t\t<div class=\"sow-slide-nav sow-slide-nav-next\">\n\t\t\t\t\t<a href=\"#\" data-goto=\"next\" aria-label=\"Next slide\" data-action=\"next\">\n\t\t\t\t\t\t<em class=\"sow-sld-icon-thin-right\"><\/em>\n\t\t\t\t\t<\/a>\n\t\t\t\t<\/div>\n\n\t\t\t\t<div class=\"sow-slide-nav sow-slide-nav-prev\">\n\t\t\t\t\t<a href=\"#\" data-goto=\"previous\" aria-label=\"Previous slide\" data-action=\"prev\">\n\t\t\t\t\t\t<em class=\"sow-sld-icon-thin-left\"><\/em>\n\t\t\t\t\t<\/a>\n\t\t\t\t<\/div>\n\t\t\t\t<\/div><\/div><\/div><\/div><\/div><\/div><div id=\"pg-26-1\"  class=\"panel-grid panel-no-style\" ><div id=\"pgc-26-1-0\"  class=\"panel-grid-cell\" ><div id=\"panel-26-1-0-0\" class=\"so-panel widget widget_sow-editor panel-first-child panel-last-child\" data-index=\"1\" ><div\n\t\t\t\n\t\t\tclass=\"so-widget-sow-editor so-widget-sow-editor-base\"\n\t\t\t\n\t\t>\n<div class=\"siteorigin-widget-tinymce textwidget\">\n\t<h1 style=\"text-align: left;\"><strong>El Senado extendi\u00f3 el programa del Centro Regional EB-5 al 9 de diciembre<\/strong><\/h1>\n<h2 style=\"text-align: left;\"><strong>\u00a1Mant\u00e9ngase atento para m\u00e1s informaci\u00f3n!<\/strong><\/h2>\n<p><em>Publicado por americaeb5visa el octubre 06, 2016<\/em><\/p>\n<p>\u00a0<\/p>\n<p>\u00a0<\/p>\n<h2><strong>\u00bfSab\u00eda Usted?<\/strong><\/h2>\n<p>\u00bfSab\u00eda usted que el 28 de septiembre, como ampliamente esperado, el Senado aprob\u00f3 la continuaci\u00f3n de la resoluci\u00f3n para financiar el Gobierno Federal hasta el 9 de diciembre. Como parte de esta resoluci\u00f3n, el Programa del Centro Regional EB-5 tambi\u00e9n se extendi\u00f3 hasta la misma fecha. Como se inform\u00f3 anteriormente, en un futuro no tan lejano, algunos cambios parecen ser inevitables, como la cantidad m\u00ednima requerida de inversi\u00f3n para los proyectos de TEA (\u00e1reas de empleo designadas), as\u00ed como proyectos regulares. Mant\u00e9ngase atento a medida que las noticias se desarrollen acerca de este aspecto m\u00e1s importante del programa.<\/p>\n<p>Para m\u00e1s informaci\u00f3n, env\u00edenos un correo electr\u00f3nico a <a href=\"mailto:info@americaeb5visa.com\">info@americaeb5visa.com<\/a> o ll\u00e1menos al +1 (917) -355-9251.<\/p>\n<\/div>\n<\/div><\/div><\/div><\/div><div id=\"pg-26-2\"  class=\"panel-grid panel-has-style\" ><div class=\"panel-row-style panel-row-style-for-26-2\" ><div id=\"pgc-26-2-0\"  class=\"panel-grid-cell\" ><div id=\"panel-26-2-0-0\" class=\"so-panel widget widget_sow-button panel-first-child panel-last-child\" data-index=\"2\" ><div class=\"panel-widget-style panel-widget-style-for-26-2-0-0\" ><div\n\t\t\t\n\t\t\tclass=\"so-widget-sow-button so-widget-sow-button-atom-216ba6d25c77-26\"\n\t\t\t\n\t\t><div class=\"ow-button-base ow-button-align-center\"\n>\n\t\t\t<a\n\t\t\t\t\thref=\"http:\/\/www.americaeb5visa.com\/es\/noticias-news\/\"\n\t\t\t\t\tclass=\"sowb-button ow-icon-placement-left ow-button-hover\" \t>\n\t\t<span>\n\t\t\t\n\t\t\tVolver a noticias\t\t<\/span>\n\t\t\t<\/a>\n\t<\/div>\n<\/div><\/div><\/div><\/div><\/div><\/div><\/div>","protected":false},"excerpt":{"rendered":"<p>El Senado extendi\u00f3 el programa del Centro Regional EB-5 al 9 de diciembre\u00a1Mant\u00e9ngase atento para m\u00e1s informaci\u00f3n!Publicado por americaeb5visa el octubre 06, 2016\u00a0\u00a0\u00bfSab\u00eda Usted?\u00bfSab\u00eda usted que el 28 de septiembre, como ampliamente esperado, el Senado aprob\u00f3 la continuaci\u00f3n de la resoluci\u00f3n para financiar el Gobierno Federal hasta el 9 de diciembre. Como parte de esta<a class=\"moretag\" href=\"https:\/\/www.americaeb5visa.com\/es\/2016\/10\/06\/el-senado-extendio-el-programa-del-centro-regional-eb-5-al-9-de-diciembresenate-extended-eb-5-regional-center-program-to-december-9th\/\"><span class=\"screen-reader-text\">Read more about El Senado extendi\u00f3 el programa del Centro Regional EB-5 al 9 de diciembre<\/span>[&#8230;]<\/a><\/p>\n","protected":false},"author":1,"featured_media":98,"comment_status":"closed","ping_status":"closed","sticky":false,"template":"","format":"standard","meta":{"_acf_changed":false,"_monsterinsights_skip_tracking":false,"_monsterinsights_sitenote_active":false,"_monsterinsights_sitenote_note":"","_monsterinsights_sitenote_category":0,"footnotes":""},"categories":[1],"tags":[],"class_list":["post-26","post","type-post","status-publish","format-standard","has-post-thumbnail","hentry","category-uncategorized"],"acf":[],"rttpg_featured_image_url":{"full":["https:\/\/www.americaeb5visa.com\/es\/wp-content\/uploads\/sites\/12\/2016\/09\/AdobeStock_91556660.jpg",2560,801,false],"landscape":["https:\/\/www.americaeb5visa.com\/es\/wp-content\/uploads\/sites\/12\/2016\/09\/AdobeStock_91556660.jpg",2560,801,false],"portraits":["https:\/\/www.americaeb5visa.com\/es\/wp-content\/uploads\/sites\/12\/2016\/09\/AdobeStock_91556660.jpg",2560,801,false],"thumbnail":["https:\/\/www.americaeb5visa.com\/es\/wp-content\/uploads\/sites\/12\/2016\/09\/AdobeStock_91556660-150x150.jpg",150,150,true],"medium":["https:\/\/www.americaeb5visa.com\/es\/wp-content\/uploads\/sites\/12\/2016\/09\/AdobeStock_91556660-300x94.jpg",300,94,true],"large":["https:\/\/www.americaeb5visa.com\/es\/wp-content\/uploads\/sites\/12\/2016\/09\/AdobeStock_91556660-1024x320.jpg",730,228,true],"timeline-express":["https:\/\/www.americaeb5visa.com\/es\/wp-content\/uploads\/sites\/12\/2016\/09\/AdobeStock_91556660-350x120.jpg",350,120,true],"timeline-express-thumbnail":["https:\/\/www.americaeb5visa.com\/es\/wp-content\/uploads\/sites\/12\/2016\/09\/AdobeStock_91556660-200x120.jpg",200,120,true],"1536x1536":["https:\/\/www.americaeb5visa.com\/es\/wp-content\/uploads\/sites\/12\/2016\/09\/AdobeStock_91556660.jpg",1536,481,false],"2048x2048":["https:\/\/www.americaeb5visa.com\/es\/wp-content\/uploads\/sites\/12\/2016\/09\/AdobeStock_91556660.jpg",2048,641,false],"llorix-one-lite-post-thumbnail-big":["https:\/\/www.americaeb5visa.com\/es\/wp-content\/uploads\/sites\/12\/2016\/09\/AdobeStock_91556660-730x340.jpg",730,340,true],"llorix-one-lite-post-thumbnail-mobile":["https:\/\/www.americaeb5visa.com\/es\/wp-content\/uploads\/sites\/12\/2016\/09\/AdobeStock_91556660-500x233.jpg",500,233,true],"llorix-one-lite-post-thumbnail-latest-news":["https:\/\/www.americaeb5visa.com\/es\/wp-content\/uploads\/sites\/12\/2016\/09\/AdobeStock_91556660-150x150.jpg",150,150,true],"menu-24x24":["https:\/\/www.americaeb5visa.com\/es\/wp-content\/uploads\/sites\/12\/2016\/09\/AdobeStock_91556660-24x8.jpg",24,8,true],"menu-36x36":["https:\/\/www.americaeb5visa.com\/es\/wp-content\/uploads\/sites\/12\/2016\/09\/AdobeStock_91556660-36x11.jpg",36,11,true],"menu-48x48":["https:\/\/www.americaeb5visa.com\/es\/wp-content\/uploads\/sites\/12\/2016\/09\/AdobeStock_91556660-48x15.jpg",48,15,true],"sow-carousel-default":["https:\/\/www.americaeb5visa.com\/es\/wp-content\/uploads\/sites\/12\/2016\/09\/AdobeStock_91556660-272x182.jpg",272,182,true]},"rttpg_author":{"display_name":"AdminNIso","author_link":"https:\/\/www.americaeb5visa.com\/es\/author\/admin\/"},"rttpg_comment":0,"rttpg_category":"<a href=\"https:\/\/www.americaeb5visa.com\/es\/category\/uncategorized\/\" rel=\"category tag\">Uncategorized<\/a>","rttpg_excerpt":"El Senado extendi\u00f3 el programa del Centro Regional EB-5 al 9 de diciembre\u00a1Mant\u00e9ngase atento para m\u00e1s informaci\u00f3n!Publicado por americaeb5visa el octubre 06, 2016\u00a0\u00a0\u00bfSab\u00eda Usted?\u00bfSab\u00eda usted que el 28 de septiembre, como ampliamente esperado, el Senado aprob\u00f3 la continuaci\u00f3n de la resoluci\u00f3n para financiar el Gobierno Federal hasta el 9 de diciembre. Como parte de estaRead&hellip;","_links":{"self":[{"href":"https:\/\/www.americaeb5visa.com\/es\/wp-json\/wp\/v2\/posts\/26","targetHints":{"allow":["GET"]}}],"collection":[{"href":"https:\/\/www.americaeb5visa.com\/es\/wp-json\/wp\/v2\/posts"}],"about":[{"href":"https:\/\/www.americaeb5visa.com\/es\/wp-json\/wp\/v2\/types\/post"}],"author":[{"embeddable":true,"href":"https:\/\/www.americaeb5visa.com\/es\/wp-json\/wp\/v2\/users\/1"}],"replies":[{"embeddable":true,"href":"https:\/\/www.americaeb5visa.com\/es\/wp-json\/wp\/v2\/comments?post=26"}],"version-history":[{"count":0,"href":"https:\/\/www.americaeb5visa.com\/es\/wp-json\/wp\/v2\/posts\/26\/revisions"}],"wp:featuredmedia":[{"embeddable":true,"href":"https:\/\/www.americaeb5visa.com\/es\/wp-json\/wp\/v2\/media\/98"}],"wp:attachment":[{"href":"https:\/\/www.americaeb5visa.com\/es\/wp-json\/wp\/v2\/media?parent=26"}],"wp:term":[{"taxonomy":"category","embeddable":true,"href":"https:\/\/www.americaeb5visa.com\/es\/wp-json\/wp\/v2\/categories?post=26"},{"taxonomy":"post_tag","embeddable":true,"href":"https:\/\/www.americaeb5visa.com\/es\/wp-json\/wp\/v2\/tags?post=26"}],"curies":[{"name":"wp","href":"https:\/\/api.w.org\/{rel}","templated":true}]}}