{"id":428,"date":"2020-04-24T15:35:34","date_gmt":"2020-04-24T15:35:34","guid":{"rendered":"http:\/\/www.americaeb5visa.com\/es\/?p=428"},"modified":"2020-11-06T18:28:23","modified_gmt":"2020-11-06T18:28:23","slug":"el-presidente-trump-firmo-una-orden-ejecutiva-suspendiendo-temporalmente-la-inmigracion-hacia-los-eeuu-pero-no-se-preocupen-la-misma-no-incluye-eb-5-ni-muchas-otras-categorias-de-inmigrantes-y-no","status":"publish","type":"post","link":"https:\/\/www.americaeb5visa.com\/es\/2020\/04\/24\/el-presidente-trump-firmo-una-orden-ejecutiva-suspendiendo-temporalmente-la-inmigracion-hacia-los-eeuu-pero-no-se-preocupen-la-misma-no-incluye-eb-5-ni-muchas-otras-categorias-de-inmigrantes-y-no\/","title":{"rendered":"El Presidente Trump firmo una orden ejecutiva, suspendiendo temporalmente la inmigraci\u00f3n hacia los EEUU, pero no se preocupen"},"content":{"rendered":"<div id=\"pl-428\"  class=\"panel-layout\" ><div id=\"pg-428-0\"  class=\"panel-grid panel-has-style\" ><div class=\"siteorigin-panels-stretch panel-row-style panel-row-style-for-428-0\" data-stretch-type=\"full-stretched\" ><div id=\"pgc-428-0-0\"  class=\"panel-grid-cell\" ><div id=\"panel-428-0-0-0\" class=\"so-panel widget widget_sow-hero panel-first-child panel-last-child\" data-index=\"0\" ><div\n\t\t\t\n\t\t\tclass=\"so-widget-sow-hero so-widget-sow-hero-default-89b41ad833c8-428 so-widget-fittext-wrapper\"\n\t\t\t data-fit-text-compressor=\"0.85\"\n\t\t>\t\t\t\t<div class=\"sow-slider-base\" style=\"display: none\" tabindex=\"0\">\n\t\t\t\t\t<ul\n\t\t\t\t\tclass=\"sow-slider-images\"\n\t\t\t\t\tdata-settings=\"{&quot;pagination&quot;:true,&quot;speed&quot;:800,&quot;timeout&quot;:8000,&quot;paused&quot;:false,&quot;pause_on_hover&quot;:false,&quot;swipe&quot;:true,&quot;nav_always_show_desktop&quot;:&quot;&quot;,&quot;nav_always_show_mobile&quot;:&quot;&quot;,&quot;breakpoint&quot;:&quot;780px&quot;,&quot;unmute&quot;:false,&quot;anchor&quot;:null}\"\n\t\t\t\t\tstyle=\"min-height: 500px\"\t\t\t\t\tdata-anchor-id=\"\"\n\t\t\t\t>\t\t<li class=\"sow-slider-image  sow-slider-image-cover\" style=\"visibility: visible;;background-color: #333333;background-image: url(https:\/\/www.americaeb5visa.com\/es\/wp-content\/uploads\/sites\/12\/2020\/04\/trump-2546104-scaled.jpg)\" >\n\t\t\t\t\t<div class=\"sow-slider-image-container\">\n\t\t\t<div class=\"sow-slider-image-wrapper\">\n\t\t\t\t<h1 style=\"text-align: center\"><strong>El Presidente Trump firmo una orden ejecutiva, suspendiendo temporalmente la inmigraci\u00f3n hacia los EEUU, pero no se preocupen, la misma no incluye EB-5, ni muchas otras categor\u00edas de inmigrantes y no-inmigrantes. \n\n<\/strong><\/h1>\n\t\t\t<\/div>\n\t\t<\/div>\n\t\t\t\t<\/li>\n\t\t<\/ul>\t\t\t\t<ol class=\"sow-slider-pagination\">\n\t\t\t\t\t\t\t\t\t\t\t<li><a href=\"#\" data-goto=\"0\" aria-label=\"Display slide 1\"><\/a><\/li>\n\t\t\t\t\t\t\t\t\t<\/ol>\n\n\t\t\t\t<div class=\"sow-slide-nav sow-slide-nav-next\">\n\t\t\t\t\t<a href=\"#\" data-goto=\"next\" aria-label=\"Next slide\" data-action=\"next\">\n\t\t\t\t\t\t<em class=\"sow-sld-icon-thin-right\"><\/em>\n\t\t\t\t\t<\/a>\n\t\t\t\t<\/div>\n\n\t\t\t\t<div class=\"sow-slide-nav sow-slide-nav-prev\">\n\t\t\t\t\t<a href=\"#\" data-goto=\"previous\" aria-label=\"Previous slide\" data-action=\"prev\">\n\t\t\t\t\t\t<em class=\"sow-sld-icon-thin-left\"><\/em>\n\t\t\t\t\t<\/a>\n\t\t\t\t<\/div>\n\t\t\t\t<\/div><\/div><\/div><\/div><\/div><\/div><div id=\"pg-428-1\"  class=\"panel-grid panel-no-style\" ><div id=\"pgc-428-1-0\"  class=\"panel-grid-cell\" ><div id=\"panel-428-1-0-0\" class=\"so-panel widget widget_sow-editor panel-first-child panel-last-child\" data-index=\"1\" ><div\n\t\t\t\n\t\t\tclass=\"so-widget-sow-editor so-widget-sow-editor-base\"\n\t\t\t\n\t\t>\n<div class=\"siteorigin-widget-tinymce textwidget\">\n\t<h1 style=\"font-weight: 400;\"><strong>Sabia Usted?<\/strong><\/h1>\n<h1><\/h1>\n<h2><strong>El Presidente Trump firmo una orden ejecutiva, suspendiendo temporalmente la inmigraci\u00f3n hacia los EEUU, pero no se preocupen, la misma no incluye EB-5, ni muchas otras categor\u00edas de inmigrantes y no-inmigrantes.\u00a0<\/strong><\/h2>\n<p>&nbsp;<\/p>\n<p>Casi todas las agencias de noticias han reportado que el Presidente Trump firmo anoche una orden ejecutiva la cual limitara la inmigraci\u00f3n a los Estados Unidos. \u00a0A pesar que la noticia es alarmante para la mayor\u00eda de nuestros clientes, al estudiar mas de cerca los detalles de la orden ejecutiva, se puede deducir que no hay preocupaci\u00f3n inmediata para los clientes de EB-5.<\/p>\n<p>&nbsp;<\/p>\n<p>La principal intenci\u00f3n para la orden ejecutiva, expresado por el Presidente Trump, es proteger los puestos de trabajo de los Americanos. \u00a0En una entrevista que el Presidente dio esta ma\u00f1ana a Investment Migration Council, Rok Klasko, fundador y socio principal de el bufete de abogados Klasko Immigration Law Partners, LLP, dijo que nuestro pa\u00eds se ha movido de tener record de cifras bajas de desempleo tan solo hace un par de meses atr\u00e1s, a tener record de los niveles mas altos de desempleo, principalmente debido al COVID-19. \u00a0Por lo tanto, el Presidente ha emitido varias prohibiciones de viajes, para as\u00ed limitar la entrada a EEUU a gente que pudiesen estar contagiados o infectados con el virus. Ahora bien, al Presidente enfocar su atenci\u00f3n al manejo de el principal resultado de la pandemia, el cual es el nivel record de desempleo, \u00e9l ha emitido esta orden que limitara la inmigraci\u00f3n hacia los EEUU durante 60 d\u00edas. Durante la entrevista, el abogado Ron Klasko, menciono que el esperar\u00eda que la suspension se pueda extender tanto en t\u00e9rminos de duraci\u00f3n de tiempo como en la amplitud de areas que cubre.<\/p>\n<p>&nbsp;<\/p>\n<p>Como hemos mencionado, la orden ejecutiva no incluye EB-5, donde cada inversionista esta requerido\u00a0a crear 10 o mas posiciones de trabajo a tiempo completo. \u00a0Entendiendo que la idea principal de esta orden ejecutiva es suspender la inmigraci\u00f3n para asi poder proteger los trabajos de los Americanos, seria il\u00f3gico\u00a0incluir a los EB-5.<\/p>\n<p>&nbsp;<\/p>\n<p>La orden ejecutiva no prohibe a las personas que est\u00e1n en los EEUU con visas de no-inmigrante como la: F1, H-1B, L1, E2, etc. \u00a0Al igual, los actuales tenedores de 'green-card\u2019, profesionales de el area de medicina y salud publica cuyas funciones es poder ayudar a luchar contra la pandemia, y a los c\u00f3nyuges e hijos(as) menores de 21 a\u00f1os de edad de Ciudadanos Americanos ('US Citizens\u2019). \u00a0Es importante recordar que esta orden solo limita la entrada a los EEUU a aquellas personas con intenciones de inmigrar de forma permanente. \u00a0Aquellos clientes que desean entrar a los EEUU con visas de no-inmigrante, o que ya se encuentre en los EEUU con visas de no-inmigrante tipo: F1, H-1B, L1, E2, etc., pueden todav\u00eda ajustar su estado ('status\u2019) y solicitar una \u2018green-card\u2019. Por ejemplo, tenedores de visa tipo L1 pueden aplicar para: EB1-C y H-1B, los tenedores de visas tipo F1 o E2 pueden aplicar para EB-5, o cualquier otro m\u00e9todo para obtener el \u2018green-card\u2019. Por ende, dado a que todos los Consulados Americanos estan actualmente cerrados, por un periodo de tiempo indeterminado, se pudiese argumentar que el efecto de esta orden ejecutiva es m\u00ednimo durante el periodo inicial de 60 d\u00edas de implementaci\u00f3n. Dicho esto, existe la expectativa de que la orden pueda extenderse tanto en duraci\u00f3n de tiempo como en las areas que cubre, por consiguiente, los cliente quedan debidamente advertidos para que consideren acelerar su proceso de aplicaci\u00f3n mientras todav\u00eda se excluyen muchas de las categor\u00edas de inmigrantes y no-inmigrantes.<\/p>\n<p>&nbsp;<\/p>\n<p>A este respecto, la firma de Klasko Immigration, en un comentario que enviaron a sus clientes el dia de hoy, reportaron que \u201ca pesar de que la Orden Ejecutiva actualmente no afecta a no-inmigrante, el Presidente hab\u00eda dirigido a los ministros de los Departamentos de El Trabajo (U.S. Department of Labor) y de Seguridad Nacional (Department Homeland Security) que revisar\u00e1n todos los programas de no-inmigrantes, para evaluar si alguno de ellos se deber\u00eda modificar para \u201cestimular a la econom\u00eda de los EEUU y para asegurar la prioritization, contrataci\u00f3n, y empleo en los EEUU.\u201d \u00a0Ambos ministros reportaran de regreso al Presidente cerca de el 22 de Mayo de el 2020.<\/p>\n<p>&nbsp;<\/p>\n<p>Debido a la incertidumbre que est\u00e1 por delante e incluso luego de el periodo inicial de 60 d\u00edas, nosotros le sugerimos a nuestros clientes, de manera muy importante, que se mantengan al tanto de las noticias, y que tengan y ejecuten un plan de acci\u00f3n, en vez de atrasar o aplazar su proceso. Estamos consientes que los cambios que se realizaron el pasado mes de Noviembre, ya hace 5 meses, referentes a el monto m\u00ednimo requerido para la inversion fue aumentado significativamente, y eso junto a las nuevas definiciones de lo que constituye un \u201cTEA\u201d (Targeted Employment Area), ha mantenido a muchos de nuestros clientes esperando por iniciar el proceso. Dicho esto, si usted(es) tienen un plan de inmigraci\u00f3n a los EEUU a un mediano o largo plazo, podr\u00eda tener mucho sentido el que revisen sus opciones ahora, antes de que sea muy tarde.<\/p>\n<p>&nbsp;<\/p>\n<p>Si Usted(es) requieren mas informaci\u00f3n sobre la Orden Ejecutiva que activo el Presidente, o informaci\u00f3n en general sobre EB-5, por favor no duden en contactarnos via telefono al +1-917-355-9251 o por correo electr\u00f3nico a\u00a0<a href=\"mailto:info@americaeb5visa.com\">info@americaeb5visa.com<\/a><\/p>\n<p>&nbsp;<\/p>\n<p>Publicado por americaeb5visa, el 23 de Abril de 2020.<\/p>\n<p>&nbsp;<\/p>\n<\/div>\n<\/div><\/div><\/div><\/div><div id=\"pg-428-2\"  class=\"panel-grid panel-no-style\" ><div id=\"pgc-428-2-0\"  class=\"panel-grid-cell\" ><div id=\"panel-428-2-0-0\" class=\"so-panel widget widget_sow-button panel-first-child panel-last-child\" data-index=\"2\" ><div class=\"panel-widget-style panel-widget-style-for-428-2-0-0\" ><div\n\t\t\t\n\t\t\tclass=\"so-widget-sow-button so-widget-sow-button-atom-f54c0409268f-428\"\n\t\t\t\n\t\t><div class=\"ow-button-base ow-button-align-center\"\n>\n\t\t\t<a\n\t\t\t\t\thref=\"http:\/\/www.americaeb5visa.com\/es\/noticias-news\/\"\n\t\t\t\t\tclass=\"sowb-button ow-icon-placement-left ow-button-hover\" \t>\n\t\t<span>\n\t\t\t\n\t\t\tVolver a noticias\t\t<\/span>\n\t\t\t<\/a>\n\t<\/div>\n<\/div><\/div><\/div><\/div><\/div><\/div>","protected":false},"excerpt":{"rendered":"<p>Sabia Usted? El Presidente Trump firmo una orden ejecutiva, suspendiendo temporalmente la inmigraci\u00f3n hacia los EEUU, pero no se preocupen, la misma no incluye EB-5, ni muchas otras categor\u00edas de inmigrantes y no-inmigrantes.\u00a0 &nbsp; Casi todas las agencias de noticias han reportado que el Presidente Trump firmo anoche una orden ejecutiva la cual limitara la<a class=\"moretag\" href=\"https:\/\/www.americaeb5visa.com\/es\/2020\/04\/24\/el-presidente-trump-firmo-una-orden-ejecutiva-suspendiendo-temporalmente-la-inmigracion-hacia-los-eeuu-pero-no-se-preocupen-la-misma-no-incluye-eb-5-ni-muchas-otras-categorias-de-inmigrantes-y-no\/\"><span class=\"screen-reader-text\">Read more about El Presidente Trump firmo una orden ejecutiva, suspendiendo temporalmente la inmigraci\u00f3n hacia los EEUU, pero no se preocupen<\/span>[&#8230;]<\/a><\/p>\n","protected":false},"author":1,"featured_media":430,"comment_status":"closed","ping_status":"closed","sticky":false,"template":"","format":"standard","meta":{"_acf_changed":false,"_monsterinsights_skip_tracking":false,"_monsterinsights_sitenote_active":false,"_monsterinsights_sitenote_note":"","_monsterinsights_sitenote_category":0,"footnotes":""},"categories":[10],"tags":[],"class_list":["post-428","post","type-post","status-publish","format-standard","has-post-thumbnail","hentry","category-news"],"acf":[],"rttpg_featured_image_url":{"full":["https:\/\/www.americaeb5visa.com\/es\/wp-content\/uploads\/sites\/12\/2020\/04\/trump-2546104-thumbnail-scaled.jpg",2560,1110,false],"landscape":["https:\/\/www.americaeb5visa.com\/es\/wp-content\/uploads\/sites\/12\/2020\/04\/trump-2546104-thumbnail-scaled.jpg",2560,1110,false],"portraits":["https:\/\/www.americaeb5visa.com\/es\/wp-content\/uploads\/sites\/12\/2020\/04\/trump-2546104-thumbnail-scaled.jpg",2560,1110,false],"thumbnail":["https:\/\/www.americaeb5visa.com\/es\/wp-content\/uploads\/sites\/12\/2020\/04\/trump-2546104-thumbnail-150x150.jpg",150,150,true],"medium":["https:\/\/www.americaeb5visa.com\/es\/wp-content\/uploads\/sites\/12\/2020\/04\/trump-2546104-thumbnail-300x130.jpg",300,130,true],"large":["https:\/\/www.americaeb5visa.com\/es\/wp-content\/uploads\/sites\/12\/2020\/04\/trump-2546104-thumbnail-1024x444.jpg",730,317,true],"timeline-express":["https:\/\/www.americaeb5visa.com\/es\/wp-content\/uploads\/sites\/12\/2020\/04\/trump-2546104-thumbnail-350x120.jpg",350,120,true],"timeline-express-thumbnail":["https:\/\/www.americaeb5visa.com\/es\/wp-content\/uploads\/sites\/12\/2020\/04\/trump-2546104-thumbnail-200x120.jpg",200,120,true],"1536x1536":["https:\/\/www.americaeb5visa.com\/es\/wp-content\/uploads\/sites\/12\/2020\/04\/trump-2546104-thumbnail-1536x666.jpg",1536,666,true],"2048x2048":["https:\/\/www.americaeb5visa.com\/es\/wp-content\/uploads\/sites\/12\/2020\/04\/trump-2546104-thumbnail-2048x888.jpg",2048,888,true],"llorix-one-lite-post-thumbnail-big":["https:\/\/www.americaeb5visa.com\/es\/wp-content\/uploads\/sites\/12\/2020\/04\/trump-2546104-thumbnail-730x340.jpg",730,340,true],"llorix-one-lite-post-thumbnail-mobile":["https:\/\/www.americaeb5visa.com\/es\/wp-content\/uploads\/sites\/12\/2020\/04\/trump-2546104-thumbnail-500x233.jpg",500,233,true],"llorix-one-lite-post-thumbnail-latest-news":["https:\/\/www.americaeb5visa.com\/es\/wp-content\/uploads\/sites\/12\/2020\/04\/trump-2546104-thumbnail-150x150.jpg",150,150,true],"menu-24x24":["https:\/\/www.americaeb5visa.com\/es\/wp-content\/uploads\/sites\/12\/2020\/04\/trump-2546104-thumbnail-24x10.jpg",24,10,true],"menu-36x36":["https:\/\/www.americaeb5visa.com\/es\/wp-content\/uploads\/sites\/12\/2020\/04\/trump-2546104-thumbnail-36x16.jpg",36,16,true],"menu-48x48":["https:\/\/www.americaeb5visa.com\/es\/wp-content\/uploads\/sites\/12\/2020\/04\/trump-2546104-thumbnail-48x21.jpg",48,21,true],"sow-carousel-default":["https:\/\/www.americaeb5visa.com\/es\/wp-content\/uploads\/sites\/12\/2020\/04\/trump-2546104-thumbnail-272x182.jpg",272,182,true]},"rttpg_author":{"display_name":"AdminNIso","author_link":"https:\/\/www.americaeb5visa.com\/es\/author\/admin\/"},"rttpg_comment":0,"rttpg_category":"<a href=\"https:\/\/www.americaeb5visa.com\/es\/category\/news\/\" rel=\"category tag\">News<\/a>","rttpg_excerpt":"Sabia Usted? El Presidente Trump firmo una orden ejecutiva, suspendiendo temporalmente la inmigraci\u00f3n hacia los EEUU, pero no se preocupen, la misma no incluye EB-5, ni muchas otras categor\u00edas de inmigrantes y no-inmigrantes.\u00a0 &nbsp; Casi todas las agencias de noticias han reportado que el Presidente Trump firmo anoche una orden ejecutiva la cual limitara laRead&hellip;","_links":{"self":[{"href":"https:\/\/www.americaeb5visa.com\/es\/wp-json\/wp\/v2\/posts\/428","targetHints":{"allow":["GET"]}}],"collection":[{"href":"https:\/\/www.americaeb5visa.com\/es\/wp-json\/wp\/v2\/posts"}],"about":[{"href":"https:\/\/www.americaeb5visa.com\/es\/wp-json\/wp\/v2\/types\/post"}],"author":[{"embeddable":true,"href":"https:\/\/www.americaeb5visa.com\/es\/wp-json\/wp\/v2\/users\/1"}],"replies":[{"embeddable":true,"href":"https:\/\/www.americaeb5visa.com\/es\/wp-json\/wp\/v2\/comments?post=428"}],"version-history":[{"count":0,"href":"https:\/\/www.americaeb5visa.com\/es\/wp-json\/wp\/v2\/posts\/428\/revisions"}],"wp:featuredmedia":[{"embeddable":true,"href":"https:\/\/www.americaeb5visa.com\/es\/wp-json\/wp\/v2\/media\/430"}],"wp:attachment":[{"href":"https:\/\/www.americaeb5visa.com\/es\/wp-json\/wp\/v2\/media?parent=428"}],"wp:term":[{"taxonomy":"category","embeddable":true,"href":"https:\/\/www.americaeb5visa.com\/es\/wp-json\/wp\/v2\/categories?post=428"},{"taxonomy":"post_tag","embeddable":true,"href":"https:\/\/www.americaeb5visa.com\/es\/wp-json\/wp\/v2\/tags?post=428"}],"curies":[{"name":"wp","href":"https:\/\/api.w.org\/{rel}","templated":true}]}}