{"id":24,"date":"2016-11-20T21:37:01","date_gmt":"2016-11-20T21:37:01","guid":{"rendered":"http:\/\/www.americaeb5visa.com\/?p=24"},"modified":"2020-06-15T22:01:58","modified_gmt":"2020-06-16T03:01:58","slug":"meclis-eb-5-bolgesel-merkez-programini-31-marta-kadar-uzatmayi-kararlastirdi","status":"publish","type":"post","link":"https:\/\/www.americaeb5visa.com\/tr\/blog\/2016\/11\/20\/meclis-eb-5-bolgesel-merkez-programini-31-marta-kadar-uzatmayi-kararlastirdi\/","title":{"rendered":"Meclis EB-5 B\u00f6lgesel Merkez Program\u0131&#8217;n\u0131 31 Mart&#8217;a kadar uzatmay\u0131 kararla\u015ft\u0131rd\u0131."},"content":{"rendered":"<div id=\"pl-24\"  class=\"panel-layout\" ><div id=\"pg-24-0\"  class=\"panel-grid panel-has-style\" ><div class=\"siteorigin-panels-stretch panel-row-style panel-row-style-for-24-0\" data-stretch-type=\"full-stretched\" ><div id=\"pgc-24-0-0\"  class=\"panel-grid-cell\" ><div id=\"panel-24-0-0-0\" class=\"so-panel widget widget_sow-hero panel-first-child panel-last-child\" data-index=\"0\" ><div\n\t\t\t\n\t\t\tclass=\"so-widget-sow-hero so-widget-sow-hero-default-89b41ad833c8-24 so-widget-fittext-wrapper\"\n\t\t\t data-fit-text-compressor=\"0.85\"\n\t\t>\t\t\t\t<div class=\"sow-slider-base\" style=\"display: none\" tabindex=\"0\">\n\t\t\t\t\t<ul\n\t\t\t\t\tclass=\"sow-slider-images\"\n\t\t\t\t\tdata-settings=\"{&quot;pagination&quot;:true,&quot;speed&quot;:800,&quot;timeout&quot;:8000,&quot;paused&quot;:false,&quot;pause_on_hover&quot;:false,&quot;swipe&quot;:true,&quot;nav_always_show_desktop&quot;:&quot;&quot;,&quot;nav_always_show_mobile&quot;:&quot;&quot;,&quot;breakpoint&quot;:&quot;780px&quot;,&quot;unmute&quot;:false,&quot;anchor&quot;:null}\"\n\t\t\t\t\tstyle=\"min-height: 500px\"\t\t\t\t\tdata-anchor-id=\"\"\n\t\t\t\t>\t\t<li class=\"sow-slider-image  sow-slider-image-cover\" style=\"visibility: visible;;background-color: #333333;background-image: url(https:\/\/www.americaeb5visa.com\/tr\/wp-content\/uploads\/sites\/6\/2016\/09\/NewsBackground.jpg)\" >\n\t\t\t\t\t<div class=\"sow-slider-image-container\">\n\t\t\t<div class=\"sow-slider-image-wrapper\">\n\t\t\t\t<h1 style=\"text-align: center\">Meclis EB-5 B\u00f6lgesel Merkez Program\u0131'n\u0131 31 Mart'a kadar uzatmay\u0131 kararla\u015ft\u0131rd\u0131.<\/h1><h2 style=\"text-align: center\">\u00a0<\/h2><h2 style=\"text-align: center\">EB-5 Program\u0131n\u0131n Trump ba\u015fkanl\u0131\u011f\u0131 alt\u0131nda geli\u015fmesi bekleniyor ancak mevcut muhalefet g\u00f6z \u00f6n\u00fcne al\u0131nd\u0131\u011f\u0131nda yat\u0131r\u0131m yapmak i\u00e7in en ideal zaman \u015fimdi.<\/h2>\t\t\t<\/div>\n\t\t<\/div>\n\t\t\t\t<\/li>\n\t\t<\/ul>\t\t\t\t<ol class=\"sow-slider-pagination\">\n\t\t\t\t\t\t\t\t\t\t\t<li><a href=\"#\" data-goto=\"0\" aria-label=\"Display slide 1\"><\/a><\/li>\n\t\t\t\t\t\t\t\t\t<\/ol>\n\n\t\t\t\t<div class=\"sow-slide-nav sow-slide-nav-next\">\n\t\t\t\t\t<a href=\"#\" data-goto=\"next\" aria-label=\"Next slide\" data-action=\"next\">\n\t\t\t\t\t\t<em class=\"sow-sld-icon-thin-right\"><\/em>\n\t\t\t\t\t<\/a>\n\t\t\t\t<\/div>\n\n\t\t\t\t<div class=\"sow-slide-nav sow-slide-nav-prev\">\n\t\t\t\t\t<a href=\"#\" data-goto=\"previous\" aria-label=\"Previous slide\" data-action=\"prev\">\n\t\t\t\t\t\t<em class=\"sow-sld-icon-thin-left\"><\/em>\n\t\t\t\t\t<\/a>\n\t\t\t\t<\/div>\n\t\t\t\t<\/div><\/div><\/div><\/div><\/div><\/div><div id=\"pg-24-1\"  class=\"panel-grid panel-no-style\" ><div id=\"pgc-24-1-0\"  class=\"panel-grid-cell\" ><div id=\"panel-24-1-0-0\" class=\"so-panel widget widget_sow-editor panel-first-child panel-last-child\" data-index=\"1\" ><div\n\t\t\t\n\t\t\tclass=\"so-widget-sow-editor so-widget-sow-editor-base\"\n\t\t\t\n\t\t>\n<div class=\"siteorigin-widget-tinymce textwidget\">\n\t<h1>Meclis EB-5 B\u00f6lgesel Merkez Program\u0131'n\u0131 31 Mart'a kadar uzatmay\u0131 kararla\u015ft\u0131rd\u0131.<\/h1>\n<h2>\u00a0<\/h2>\n<h2>EB-5 Program\u0131n\u0131n Trump ba\u015fkanl\u0131\u011f\u0131 alt\u0131nda geli\u015fmesi bekleniyor ancak mevcut muhalefet g\u00f6z \u00f6n\u00fcne al\u0131nd\u0131\u011f\u0131nda yat\u0131r\u0131m yapmak i\u00e7in en ideal zaman \u015fimdi.<\/h2>\n<p>\u00a0<\/p>\n<p><a href=\"mailto:info@americaeb5visa.com\">Americaeb5visa <\/a>taraf\u0131ndan 20 Kas\u0131m 2016'da payla\u015f\u0131ld\u0131.<\/p>\n<p>\u00a0<\/p>\n<h2>Biliyor muydunuz?<\/h2>\n<p>The Real Deal, 18 Kas\u0131m'da \u015eanghay'da EB-5 uzmanlar\u0131ndan olu\u015fan ve EB-5 program\u0131n\u0131n Ba\u015fkan se\u00e7ilen Donald Trump alt\u0131nda geli\u015fmeye devam edece\u011fini a\u00e7\u0131klad\u0131\u011f\u0131 bir panel d\u00fczenledi. New York\u2019un eski eyalet ba\u015fkan\u0131, George Pataki \" Trump'\u0131n kar\u015f\u0131 tutumu yaln\u0131zca yasad\u0131\u015f\u0131 g\u00f6\u00e7menlere kar\u015f\u0131. EB-5 ise yasal bir g\u00f6\u00e7men program\u0131. O, sermayeye ve yat\u0131r\u0131ma olan ihtiyac\u0131 anl\u0131yor \" diyerek s\u00f6zlerine ekledi.<\/p>\n<p>\u0130yi haber, yaln\u0131zca, program\u0131n beklenmekte olan parlak gelece\u011fi de\u011fil. Ge\u00e7ti\u011fimiz ay, meclis milletvekilleri asgari yat\u0131r\u0131m miktar\u0131n\u0131 500,000 $\u2019dan 800,000 $\u2019a y\u00fckseltmeye \u00e7al\u0131\u015f\u0131rlarken bile, EB-5 program\u0131n\u0131n \u015fartlar\u0131n\u0131 en az Aral\u0131k ay\u0131na kadar de\u011fi\u015ftirmeme ile ilgili ge\u00e7ici bir uzatma karar\u0131 ald\u0131lar. Neyse ki, Meclis, mevcut h\u00fck\u00fcmet finansman\u0131n\u0131n 31 Mart 2017 tarihine kadar uzataca\u011f\u0131n\u0131 a\u00e7\u0131klad\u0131; bu da B\u00f6lgesel Merkez yasas\u0131n\u0131n 31 Mart'a kadar uzat\u0131lmas\u0131 anlam\u0131na geliyor. Ancak, daha \u00f6nce de belirtildi\u011fi gibi, EB-5 reform paketi \u015fu an tart\u0131\u015f\u0131lma safhas\u0131nda ve herhangi bir karar b\u00fcy\u00fck ihtimalle 31 Mart \u00f6ncesi yap\u0131lacak. Bir karar verildikten sonra, muhtemelen \u00f6n\u00fcm\u00fczdeki birka\u00e7 y\u0131l i\u00e7inde herhangi yeni bir yenilik d\u00fc\u015f\u00fcn\u00fclmeyecek.<\/p>\n<p>Bunun anlam\u0131 bir an evvel, bir yandan yat\u0131r\u0131mc\u0131lar i\u00e7in EB-5 yat\u0131r\u0131m s\u00fcrecine ba\u015flamalar\u0131n\u0131n zaman\u0131n\u0131n geldi\u011fi ve \u00f6b\u00fcr yandan avukatlar ile gayrimenkul geli\u015ftiricileri i\u00e7in Meclise EB-5 program\u0131n\u0131 devam etmeleri i\u00e7in lobi yapmalar\u0131n\u0131n acilen gerekti\u011fi anlam\u0131na geliyor.<\/p>\n<p>\u00a0<\/p>\n<p>Daha fazla bilgi i\u00e7in l\u00fctfen <a href=\"mailto:info@americaeb5visa.com\">info@americaeb5visa.com<\/a> adresine e-posta atabilir veya\u00a0bizi <a href=\"tel: +90 535 894 65 31\">+90 535 894 65 31\u00a0<\/a> numaral\u0131 telefondan arayabilirsiniz.<\/p>\n<\/div>\n<\/div><\/div><\/div><\/div><div id=\"pg-24-2\"  class=\"panel-grid panel-no-style\" ><div id=\"pgc-24-2-0\"  class=\"panel-grid-cell\" ><div id=\"panel-24-2-0-0\" class=\"so-panel widget widget_sow-button panel-first-child panel-last-child\" data-index=\"2\" ><div class=\"panel-widget-style panel-widget-style-for-24-2-0-0\" ><div\n\t\t\t\n\t\t\tclass=\"so-widget-sow-button so-widget-sow-button-atom-f54c0409268f-24\"\n\t\t\t\n\t\t><div class=\"ow-button-base ow-button-align-center\"\n>\n\t\t\t<a\n\t\t\t\t\thref=\"http:\/\/www.americaeb5visa.com\/tr\/haberler\/\"\n\t\t\t\t\tclass=\"sowb-button ow-icon-placement-left ow-button-hover\" \t>\n\t\t<span>\n\t\t\t\n\t\t\tHaberlere geri d\u00f6n\t\t<\/span>\n\t\t\t<\/a>\n\t<\/div>\n<\/div><\/div><\/div><\/div><\/div><\/div>","protected":false},"excerpt":{"rendered":"<p>Meclis EB-5 B\u00f6lgesel Merkez Program\u0131&#8217;n\u0131 31 Mart&#8217;a kadar uzatmay\u0131 kararla\u015ft\u0131rd\u0131.\u00a0EB-5 Program\u0131n\u0131n Trump ba\u015fkanl\u0131\u011f\u0131 alt\u0131nda geli\u015fmesi bekleniyor ancak mevcut muhalefet g\u00f6z \u00f6n\u00fcne al\u0131nd\u0131\u011f\u0131nda yat\u0131r\u0131m yapmak i\u00e7in en ideal zaman \u015fimdi.\u00a0Americaeb5visa taraf\u0131ndan 20 Kas\u0131m 2016&#8217;da payla\u015f\u0131ld\u0131.\u00a0Biliyor muydunuz?The Real Deal, 18 Kas\u0131m&#8217;da \u015eanghay&#8217;da EB-5 uzmanlar\u0131ndan olu\u015fan ve EB-5 program\u0131n\u0131n Ba\u015fkan se\u00e7ilen Donald Trump alt\u0131nda geli\u015fmeye devam edece\u011fini a\u00e7\u0131klad\u0131\u011f\u0131<a class=\"moretag\" href=\"https:\/\/www.americaeb5visa.com\/tr\/blog\/2016\/11\/20\/meclis-eb-5-bolgesel-merkez-programini-31-marta-kadar-uzatmayi-kararlastirdi\/\"><span class=\"screen-reader-text\">Hakk\u0131nda daha fazlas\u0131n\u0131 oku Meclis EB-5 B\u00f6lgesel Merkez Program\u0131&#8217;n\u0131 31 Mart&#8217;a kadar uzatmay\u0131 kararla\u015ft\u0131rd\u0131.<\/span>[&#8230;]<\/a><\/p>\n","protected":false},"author":1,"featured_media":349,"comment_status":"closed","ping_status":"closed","sticky":false,"template":"","format":"standard","meta":{"_acf_changed":false,"_monsterinsights_skip_tracking":false,"_monsterinsights_sitenote_active":false,"_monsterinsights_sitenote_note":"","_monsterinsights_sitenote_category":0,"footnotes":""},"categories":[1],"tags":[],"class_list":["post-24","post","type-post","status-publish","format-standard","has-post-thumbnail","hentry","category-uncategorized"],"acf":[],"rttpg_featured_image_url":{"full":["https:\/\/www.americaeb5visa.com\/tr\/wp-content\/uploads\/sites\/6\/2017\/04\/RibbonAdobeStock_72339142.jpg",1338,855,false],"landscape":["https:\/\/www.americaeb5visa.com\/tr\/wp-content\/uploads\/sites\/6\/2017\/04\/RibbonAdobeStock_72339142.jpg",1338,855,false],"portraits":["https:\/\/www.americaeb5visa.com\/tr\/wp-content\/uploads\/sites\/6\/2017\/04\/RibbonAdobeStock_72339142.jpg",1338,855,false],"thumbnail":["https:\/\/www.americaeb5visa.com\/tr\/wp-content\/uploads\/sites\/6\/2017\/04\/RibbonAdobeStock_72339142-150x150.jpg",150,150,true],"medium":["https:\/\/www.americaeb5visa.com\/tr\/wp-content\/uploads\/sites\/6\/2017\/04\/RibbonAdobeStock_72339142-300x192.jpg",300,192,true],"large":["https:\/\/www.americaeb5visa.com\/tr\/wp-content\/uploads\/sites\/6\/2017\/04\/RibbonAdobeStock_72339142-1024x654.jpg",730,466,true],"timeline-express":["https:\/\/www.americaeb5visa.com\/tr\/wp-content\/uploads\/sites\/6\/2017\/04\/RibbonAdobeStock_72339142-350x120.jpg",350,120,true],"timeline-express-thumbnail":["https:\/\/www.americaeb5visa.com\/tr\/wp-content\/uploads\/sites\/6\/2017\/04\/RibbonAdobeStock_72339142-200x120.jpg",200,120,true],"1536x1536":["https:\/\/www.americaeb5visa.com\/tr\/wp-content\/uploads\/sites\/6\/2017\/04\/RibbonAdobeStock_72339142.jpg",1338,855,false],"2048x2048":["https:\/\/www.americaeb5visa.com\/tr\/wp-content\/uploads\/sites\/6\/2017\/04\/RibbonAdobeStock_72339142.jpg",1338,855,false],"llorix-one-lite-post-thumbnail-big":["https:\/\/www.americaeb5visa.com\/tr\/wp-content\/uploads\/sites\/6\/2017\/04\/RibbonAdobeStock_72339142-730x340.jpg",730,340,true],"llorix-one-lite-post-thumbnail-mobile":["https:\/\/www.americaeb5visa.com\/tr\/wp-content\/uploads\/sites\/6\/2017\/04\/RibbonAdobeStock_72339142-500x233.jpg",500,233,true],"llorix-one-lite-post-thumbnail-latest-news":["https:\/\/www.americaeb5visa.com\/tr\/wp-content\/uploads\/sites\/6\/2017\/04\/RibbonAdobeStock_72339142-150x150.jpg",150,150,true],"menu-24x24":["https:\/\/www.americaeb5visa.com\/tr\/wp-content\/uploads\/sites\/6\/2017\/04\/RibbonAdobeStock_72339142-24x15.jpg",24,15,true],"menu-36x36":["https:\/\/www.americaeb5visa.com\/tr\/wp-content\/uploads\/sites\/6\/2017\/04\/RibbonAdobeStock_72339142-36x23.jpg",36,23,true],"menu-48x48":["https:\/\/www.americaeb5visa.com\/tr\/wp-content\/uploads\/sites\/6\/2017\/04\/RibbonAdobeStock_72339142-48x31.jpg",48,31,true],"sow-carousel-default":["https:\/\/www.americaeb5visa.com\/tr\/wp-content\/uploads\/sites\/6\/2017\/04\/RibbonAdobeStock_72339142-272x182.jpg",272,182,true]},"rttpg_author":{"display_name":"AdminNIso","author_link":"https:\/\/www.americaeb5visa.com\/tr\/blog\/author\/admin\/"},"rttpg_comment":0,"rttpg_category":"<a href=\"https:\/\/www.americaeb5visa.com\/tr\/blog\/category\/uncategorized\/\" rel=\"category tag\">Uncategorized<\/a>","rttpg_excerpt":"Meclis EB-5 B\u00f6lgesel Merkez Program\u0131'n\u0131 31 Mart'a kadar uzatmay\u0131 kararla\u015ft\u0131rd\u0131.\u00a0EB-5 Program\u0131n\u0131n Trump ba\u015fkanl\u0131\u011f\u0131 alt\u0131nda geli\u015fmesi bekleniyor ancak mevcut muhalefet g\u00f6z \u00f6n\u00fcne al\u0131nd\u0131\u011f\u0131nda yat\u0131r\u0131m yapmak i\u00e7in en ideal zaman \u015fimdi.\u00a0Americaeb5visa taraf\u0131ndan 20 Kas\u0131m 2016'da payla\u015f\u0131ld\u0131.\u00a0Biliyor muydunuz?The Real Deal, 18 Kas\u0131m'da \u015eanghay'da EB-5 uzmanlar\u0131ndan olu\u015fan ve EB-5 program\u0131n\u0131n Ba\u015fkan se\u00e7ilen Donald Trump alt\u0131nda geli\u015fmeye devam edece\u011fini a\u00e7\u0131klad\u0131\u011f\u0131Hakk\u0131nda&hellip;","_links":{"self":[{"href":"https:\/\/www.americaeb5visa.com\/tr\/wp-json\/wp\/v2\/posts\/24","targetHints":{"allow":["GET"]}}],"collection":[{"href":"https:\/\/www.americaeb5visa.com\/tr\/wp-json\/wp\/v2\/posts"}],"about":[{"href":"https:\/\/www.americaeb5visa.com\/tr\/wp-json\/wp\/v2\/types\/post"}],"author":[{"embeddable":true,"href":"https:\/\/www.americaeb5visa.com\/tr\/wp-json\/wp\/v2\/users\/1"}],"replies":[{"embeddable":true,"href":"https:\/\/www.americaeb5visa.com\/tr\/wp-json\/wp\/v2\/comments?post=24"}],"version-history":[{"count":0,"href":"https:\/\/www.americaeb5visa.com\/tr\/wp-json\/wp\/v2\/posts\/24\/revisions"}],"wp:featuredmedia":[{"embeddable":true,"href":"https:\/\/www.americaeb5visa.com\/tr\/wp-json\/wp\/v2\/media\/349"}],"wp:attachment":[{"href":"https:\/\/www.americaeb5visa.com\/tr\/wp-json\/wp\/v2\/media?parent=24"}],"wp:term":[{"taxonomy":"category","embeddable":true,"href":"https:\/\/www.americaeb5visa.com\/tr\/wp-json\/wp\/v2\/categories?post=24"},{"taxonomy":"post_tag","embeddable":true,"href":"https:\/\/www.americaeb5visa.com\/tr\/wp-json\/wp\/v2\/tags?post=24"}],"curies":[{"name":"wp","href":"https:\/\/api.w.org\/{rel}","templated":true}]}}