{"id":25,"date":"2016-09-24T21:37:09","date_gmt":"2016-09-24T21:37:09","guid":{"rendered":"http:\/\/www.americaeb5visa.com\/?p=25"},"modified":"2020-06-15T21:58:50","modified_gmt":"2020-06-16T02:58:50","slug":"meclis-eb-5-vizesi-icin-gerek-kosulan-yatirim-miktarini-arttirmayi-dusunuyor","status":"publish","type":"post","link":"https:\/\/www.americaeb5visa.com\/tr\/blog\/2016\/09\/24\/meclis-eb-5-vizesi-icin-gerek-kosulan-yatirim-miktarini-arttirmayi-dusunuyor\/","title":{"rendered":"Meclis EB-5 vizesi i\u00e7in gerek ko\u015fulan yat\u0131r\u0131m miktar\u0131n\u0131 artt\u0131rmay\u0131 d\u00fc\u015f\u00fcn\u00fcyor."},"content":{"rendered":"<div id=\"pl-25\"  class=\"panel-layout\" ><div id=\"pg-25-0\"  class=\"panel-grid panel-has-style\" ><div class=\"siteorigin-panels-stretch panel-row-style panel-row-style-for-25-0\" data-stretch-type=\"full-stretched\" ><div id=\"pgc-25-0-0\"  class=\"panel-grid-cell\" ><div id=\"panel-25-0-0-0\" class=\"so-panel widget widget_sow-hero panel-first-child panel-last-child\" data-index=\"0\" ><div\n\t\t\t\n\t\t\tclass=\"so-widget-sow-hero so-widget-sow-hero-default-89b41ad833c8-25 so-widget-fittext-wrapper\"\n\t\t\t data-fit-text-compressor=\"0.85\"\n\t\t>\t\t\t\t<div class=\"sow-slider-base\" style=\"display: none\" tabindex=\"0\">\n\t\t\t\t\t<ul\n\t\t\t\t\tclass=\"sow-slider-images\"\n\t\t\t\t\tdata-settings=\"{&quot;pagination&quot;:true,&quot;speed&quot;:800,&quot;timeout&quot;:8000,&quot;paused&quot;:false,&quot;pause_on_hover&quot;:false,&quot;swipe&quot;:true,&quot;nav_always_show_desktop&quot;:&quot;&quot;,&quot;nav_always_show_mobile&quot;:&quot;&quot;,&quot;breakpoint&quot;:&quot;780px&quot;,&quot;unmute&quot;:false,&quot;anchor&quot;:null}\"\n\t\t\t\t\tstyle=\"min-height: 500px\"\t\t\t\t\tdata-anchor-id=\"\"\n\t\t\t\t>\t\t<li class=\"sow-slider-image  sow-slider-image-cover\" style=\"visibility: visible;;background-color: #333333;background-image: url(https:\/\/www.americaeb5visa.com\/tr\/wp-content\/uploads\/sites\/6\/2016\/09\/NewsBackground.jpg)\" >\n\t\t\t\t\t<div class=\"sow-slider-image-container\">\n\t\t\t<div class=\"sow-slider-image-wrapper\">\n\t\t\t\t<h1 style=\"text-align: center\">Meclis EB-5 vizesi i\u00e7in gerek ko\u015fulan yat\u0131r\u0131m miktar\u0131n\u0131 artt\u0131rmay\u0131 d\u00fc\u015f\u00fcn\u00fcyor.<\/h1><h2 style=\"text-align: center\">\u00a0<\/h2><h2 style=\"text-align: center\">\u015eu anda harekete ge\u00e7in ve EB-5 vizenizi daha uygun ve hesapl\u0131 bir yat\u0131r\u0131mla al\u0131n!<\/h2>\t\t\t<\/div>\n\t\t<\/div>\n\t\t\t\t<\/li>\n\t\t<\/ul>\t\t\t\t<ol class=\"sow-slider-pagination\">\n\t\t\t\t\t\t\t\t\t\t\t<li><a href=\"#\" data-goto=\"0\" aria-label=\"Display slide 1\"><\/a><\/li>\n\t\t\t\t\t\t\t\t\t<\/ol>\n\n\t\t\t\t<div class=\"sow-slide-nav sow-slide-nav-next\">\n\t\t\t\t\t<a href=\"#\" data-goto=\"next\" aria-label=\"Next slide\" data-action=\"next\">\n\t\t\t\t\t\t<em class=\"sow-sld-icon-thin-right\"><\/em>\n\t\t\t\t\t<\/a>\n\t\t\t\t<\/div>\n\n\t\t\t\t<div class=\"sow-slide-nav sow-slide-nav-prev\">\n\t\t\t\t\t<a href=\"#\" data-goto=\"previous\" aria-label=\"Previous slide\" data-action=\"prev\">\n\t\t\t\t\t\t<em class=\"sow-sld-icon-thin-left\"><\/em>\n\t\t\t\t\t<\/a>\n\t\t\t\t<\/div>\n\t\t\t\t<\/div><\/div><\/div><\/div><\/div><\/div><div id=\"pg-25-1\"  class=\"panel-grid panel-no-style\" ><div id=\"pgc-25-1-0\"  class=\"panel-grid-cell\" ><div id=\"panel-25-1-0-0\" class=\"so-panel widget widget_sow-editor panel-first-child panel-last-child\" data-index=\"1\" ><div\n\t\t\t\n\t\t\tclass=\"so-widget-sow-editor so-widget-sow-editor-base\"\n\t\t\t\n\t\t>\n<div class=\"siteorigin-widget-tinymce textwidget\">\n\t<h1>Meclis EB-5 vizesi i\u00e7in gerek ko\u015fulan yat\u0131r\u0131m miktar\u0131n\u0131 artt\u0131rmay\u0131 d\u00fc\u015f\u00fcn\u00fcyor.<\/h1>\n<h2>\u00a0<\/h2>\n<h2>\u015eu anda harekete ge\u00e7in ve EB-5 vizenizi daha uygun ve hesapl\u0131 bir yat\u0131r\u0131mla al\u0131n!<\/h2>\n<p>\u00a0<\/p>\n<p><a href=\"mailto:info@americaeb5visa.com\">americaeb5visa <\/a>taraf\u0131ndan 24 Eyl\u00fcl 2016'da payla\u015f\u0131ld\u0131.<\/p>\n<p>\u00a0<\/p>\n<p>\u00a0<\/p>\n<h2>Biliyor muydunuz?<\/h2>\n<p>\u00a0<\/p>\n<p>EB-5 Vize Program\u0131 (istihdam temelli Ye\u015fil Kart program\u0131) 30 Eyl\u00fcl'den sonra bir ka\u00e7 de\u011fi\u015fikli\u011fe u\u011frayabilir. Ge\u00e7en y\u0131l, Eyl\u00fcl aylar\u0131nda, Meclis asgari yat\u0131r\u0131m miktar\u0131n\u0131 500.000 $\u2019dan 800.000 $\u2019a artt\u0131rmay\u0131 d\u00fc\u015f\u00fcneceklerini duyurmu\u015ftu. Ancak, olmad\u0131!\u00a0 Fakat ayn\u0131 artt\u0131rma tasar\u0131s\u0131 tekrar g\u00fcndeme geldi. 30 Eyl\u00fcl 2016'dan \u00d6NCE vizeye ba\u015fvuran herkes 500.000 $ de\u011ferinde bir yat\u0131r\u0131m\u0131 TEA (Hedeflenmi\u015fe \u0130stihdam Alan\u0131) B\u00f6lgeleri'ne yapabilecek. 30 Eyl\u00fcl 2016'dan sonra b\u00fcy\u00fck bir ihtimalle bu rakam\u0131n 800.000 $'a y\u00fckselece\u011fi bekleniyor. Meclis, ayn\u0131 zamanda,\u00a0 B\u00f6lgesel Merkezlerin ve destekledikleri projelerin yerinde denetimlerini gerektiren baz\u0131 ek \u00f6nlemleri planlamaktad\u0131r.<\/p>\n<p>\"E\u011fer EB-5 i\u015flemi do\u011frultusunda Ye\u015fil Kart i\u00e7in ba\u015fvuruda bulunmay\u0131 d\u00fc\u015f\u00fcn\u00fcyorsan\u0131z hala \u015fu an ge\u00e7erli olan asgari 500.000 $ de\u011ferinde bir yat\u0131r\u0131m ile bunu yapabilirsiniz. Erken davranman\u0131z tavsiye edilir.\"<\/p>\n<p>Daha \u00e7ok bilgi i\u00e7in <a href=\"mailto:info@americaeb5visa.com\">info@americaeb5visa.com<\/a> adresimizden e-posta yollayabilir veya <a href=\"tel: +90 535 894 65 31\">+90 535 894 65 31<\/a> numaral\u0131 telefonumuzu arayabilirsiniz.<\/p>\n<\/div>\n<\/div><\/div><\/div><\/div><div id=\"pg-25-2\"  class=\"panel-grid panel-no-style\" ><div id=\"pgc-25-2-0\"  class=\"panel-grid-cell\" ><div id=\"panel-25-2-0-0\" class=\"so-panel widget widget_sow-button panel-first-child panel-last-child\" data-index=\"2\" ><div class=\"panel-widget-style panel-widget-style-for-25-2-0-0\" ><div\n\t\t\t\n\t\t\tclass=\"so-widget-sow-button so-widget-sow-button-atom-f54c0409268f-25\"\n\t\t\t\n\t\t><div class=\"ow-button-base ow-button-align-center\"\n>\n\t\t\t<a\n\t\t\t\t\thref=\"http:\/\/www.americaeb5visa.com\/tr\/haberler\/\"\n\t\t\t\t\tclass=\"sowb-button ow-icon-placement-left ow-button-hover\" \t>\n\t\t<span>\n\t\t\t\n\t\t\tHaberlere geri d\u00f6n\t\t<\/span>\n\t\t\t<\/a>\n\t<\/div>\n<\/div><\/div><\/div><\/div><\/div><\/div>","protected":false},"excerpt":{"rendered":"<p>Meclis EB-5 vizesi i\u00e7in gerek ko\u015fulan yat\u0131r\u0131m miktar\u0131n\u0131 artt\u0131rmay\u0131 d\u00fc\u015f\u00fcn\u00fcyor.\u00a0\u015eu anda harekete ge\u00e7in ve EB-5 vizenizi daha uygun ve hesapl\u0131 bir yat\u0131r\u0131mla al\u0131n!\u00a0americaeb5visa taraf\u0131ndan 24 Eyl\u00fcl 2016&#8217;da payla\u015f\u0131ld\u0131.\u00a0\u00a0Biliyor muydunuz?\u00a0EB-5 Vize Program\u0131 (istihdam temelli Ye\u015fil Kart program\u0131) 30 Eyl\u00fcl&#8217;den sonra bir ka\u00e7 de\u011fi\u015fikli\u011fe u\u011frayabilir. Ge\u00e7en y\u0131l, Eyl\u00fcl aylar\u0131nda, Meclis asgari yat\u0131r\u0131m miktar\u0131n\u0131 500.000 $\u2019dan 800.000 $\u2019a<a class=\"moretag\" href=\"https:\/\/www.americaeb5visa.com\/tr\/blog\/2016\/09\/24\/meclis-eb-5-vizesi-icin-gerek-kosulan-yatirim-miktarini-arttirmayi-dusunuyor\/\"><span class=\"screen-reader-text\">Hakk\u0131nda daha fazlas\u0131n\u0131 oku Meclis EB-5 vizesi i\u00e7in gerek ko\u015fulan yat\u0131r\u0131m miktar\u0131n\u0131 artt\u0131rmay\u0131 d\u00fc\u015f\u00fcn\u00fcyor.<\/span>[&#8230;]<\/a><\/p>\n","protected":false},"author":1,"featured_media":66,"comment_status":"closed","ping_status":"closed","sticky":false,"template":"","format":"standard","meta":{"_acf_changed":false,"_monsterinsights_skip_tracking":false,"_monsterinsights_sitenote_active":false,"_monsterinsights_sitenote_note":"","_monsterinsights_sitenote_category":0,"footnotes":""},"categories":[1],"tags":[],"class_list":["post-25","post","type-post","status-publish","format-standard","has-post-thumbnail","hentry","category-uncategorized"],"acf":[],"rttpg_featured_image_url":{"full":["https:\/\/www.americaeb5visa.com\/tr\/wp-content\/uploads\/sites\/6\/2017\/03\/Death_to_Stock_Photography_NYC_Skyline_2-2.jpg",2560,1707,false],"landscape":["https:\/\/www.americaeb5visa.com\/tr\/wp-content\/uploads\/sites\/6\/2017\/03\/Death_to_Stock_Photography_NYC_Skyline_2-2.jpg",2560,1707,false],"portraits":["https:\/\/www.americaeb5visa.com\/tr\/wp-content\/uploads\/sites\/6\/2017\/03\/Death_to_Stock_Photography_NYC_Skyline_2-2.jpg",2560,1707,false],"thumbnail":["https:\/\/www.americaeb5visa.com\/tr\/wp-content\/uploads\/sites\/6\/2017\/03\/Death_to_Stock_Photography_NYC_Skyline_2-2-150x150.jpg",150,150,true],"medium":["https:\/\/www.americaeb5visa.com\/tr\/wp-content\/uploads\/sites\/6\/2017\/03\/Death_to_Stock_Photography_NYC_Skyline_2-2-300x200.jpg",300,200,true],"large":["https:\/\/www.americaeb5visa.com\/tr\/wp-content\/uploads\/sites\/6\/2017\/03\/Death_to_Stock_Photography_NYC_Skyline_2-2-1024x683.jpg",730,487,true],"timeline-express":["https:\/\/www.americaeb5visa.com\/tr\/wp-content\/uploads\/sites\/6\/2017\/03\/Death_to_Stock_Photography_NYC_Skyline_2-2-350x120.jpg",350,120,true],"timeline-express-thumbnail":["https:\/\/www.americaeb5visa.com\/tr\/wp-content\/uploads\/sites\/6\/2017\/03\/Death_to_Stock_Photography_NYC_Skyline_2-2-200x120.jpg",200,120,true],"1536x1536":["https:\/\/www.americaeb5visa.com\/tr\/wp-content\/uploads\/sites\/6\/2017\/03\/Death_to_Stock_Photography_NYC_Skyline_2-2.jpg",1536,1024,false],"2048x2048":["https:\/\/www.americaeb5visa.com\/tr\/wp-content\/uploads\/sites\/6\/2017\/03\/Death_to_Stock_Photography_NYC_Skyline_2-2.jpg",2048,1366,false],"llorix-one-lite-post-thumbnail-big":["https:\/\/www.americaeb5visa.com\/tr\/wp-content\/uploads\/sites\/6\/2017\/03\/Death_to_Stock_Photography_NYC_Skyline_2-2-730x340.jpg",730,340,true],"llorix-one-lite-post-thumbnail-mobile":["https:\/\/www.americaeb5visa.com\/tr\/wp-content\/uploads\/sites\/6\/2017\/03\/Death_to_Stock_Photography_NYC_Skyline_2-2-500x233.jpg",500,233,true],"llorix-one-lite-post-thumbnail-latest-news":["https:\/\/www.americaeb5visa.com\/tr\/wp-content\/uploads\/sites\/6\/2017\/03\/Death_to_Stock_Photography_NYC_Skyline_2-2-150x150.jpg",150,150,true],"menu-24x24":["https:\/\/www.americaeb5visa.com\/tr\/wp-content\/uploads\/sites\/6\/2017\/03\/Death_to_Stock_Photography_NYC_Skyline_2-2-24x16.jpg",24,16,true],"menu-36x36":["https:\/\/www.americaeb5visa.com\/tr\/wp-content\/uploads\/sites\/6\/2017\/03\/Death_to_Stock_Photography_NYC_Skyline_2-2-36x24.jpg",36,24,true],"menu-48x48":["https:\/\/www.americaeb5visa.com\/tr\/wp-content\/uploads\/sites\/6\/2017\/03\/Death_to_Stock_Photography_NYC_Skyline_2-2-48x32.jpg",48,32,true],"sow-carousel-default":["https:\/\/www.americaeb5visa.com\/tr\/wp-content\/uploads\/sites\/6\/2017\/03\/Death_to_Stock_Photography_NYC_Skyline_2-2-272x182.jpg",272,182,true]},"rttpg_author":{"display_name":"AdminNIso","author_link":"https:\/\/www.americaeb5visa.com\/tr\/blog\/author\/admin\/"},"rttpg_comment":0,"rttpg_category":"<a href=\"https:\/\/www.americaeb5visa.com\/tr\/blog\/category\/uncategorized\/\" rel=\"category tag\">Uncategorized<\/a>","rttpg_excerpt":"Meclis EB-5 vizesi i\u00e7in gerek ko\u015fulan yat\u0131r\u0131m miktar\u0131n\u0131 artt\u0131rmay\u0131 d\u00fc\u015f\u00fcn\u00fcyor.\u00a0\u015eu anda harekete ge\u00e7in ve EB-5 vizenizi daha uygun ve hesapl\u0131 bir yat\u0131r\u0131mla al\u0131n!\u00a0americaeb5visa taraf\u0131ndan 24 Eyl\u00fcl 2016'da payla\u015f\u0131ld\u0131.\u00a0\u00a0Biliyor muydunuz?\u00a0EB-5 Vize Program\u0131 (istihdam temelli Ye\u015fil Kart program\u0131) 30 Eyl\u00fcl'den sonra bir ka\u00e7 de\u011fi\u015fikli\u011fe u\u011frayabilir. Ge\u00e7en y\u0131l, Eyl\u00fcl aylar\u0131nda, Meclis asgari yat\u0131r\u0131m miktar\u0131n\u0131 500.000 $\u2019dan 800.000 $\u2019aHakk\u0131nda&hellip;","_links":{"self":[{"href":"https:\/\/www.americaeb5visa.com\/tr\/wp-json\/wp\/v2\/posts\/25","targetHints":{"allow":["GET"]}}],"collection":[{"href":"https:\/\/www.americaeb5visa.com\/tr\/wp-json\/wp\/v2\/posts"}],"about":[{"href":"https:\/\/www.americaeb5visa.com\/tr\/wp-json\/wp\/v2\/types\/post"}],"author":[{"embeddable":true,"href":"https:\/\/www.americaeb5visa.com\/tr\/wp-json\/wp\/v2\/users\/1"}],"replies":[{"embeddable":true,"href":"https:\/\/www.americaeb5visa.com\/tr\/wp-json\/wp\/v2\/comments?post=25"}],"version-history":[{"count":0,"href":"https:\/\/www.americaeb5visa.com\/tr\/wp-json\/wp\/v2\/posts\/25\/revisions"}],"wp:featuredmedia":[{"embeddable":true,"href":"https:\/\/www.americaeb5visa.com\/tr\/wp-json\/wp\/v2\/media\/66"}],"wp:attachment":[{"href":"https:\/\/www.americaeb5visa.com\/tr\/wp-json\/wp\/v2\/media?parent=25"}],"wp:term":[{"taxonomy":"category","embeddable":true,"href":"https:\/\/www.americaeb5visa.com\/tr\/wp-json\/wp\/v2\/categories?post=25"},{"taxonomy":"post_tag","embeddable":true,"href":"https:\/\/www.americaeb5visa.com\/tr\/wp-json\/wp\/v2\/tags?post=25"}],"curies":[{"name":"wp","href":"https:\/\/api.w.org\/{rel}","templated":true}]}}