{"id":26,"date":"2016-10-06T21:37:14","date_gmt":"2016-10-06T21:37:14","guid":{"rendered":"http:\/\/www.americaeb5visa.com\/?p=26"},"modified":"2020-06-15T22:00:54","modified_gmt":"2020-06-16T03:00:54","slug":"senato-eb-5-bolgesel-merkez-programini-9-aralika-kadar-uzatti","status":"publish","type":"post","link":"https:\/\/www.americaeb5visa.com\/tr\/blog\/2016\/10\/06\/senato-eb-5-bolgesel-merkez-programini-9-aralika-kadar-uzatti\/","title":{"rendered":"Senato EB-5 B\u00f6lgesel Merkez program\u0131n\u0131 9 Aral\u0131k&#8217;a kadar uzatt\u0131."},"content":{"rendered":"<div id=\"pl-26\"  class=\"panel-layout\" ><div id=\"pg-26-0\"  class=\"panel-grid panel-has-style\" ><div class=\"siteorigin-panels-stretch panel-row-style panel-row-style-for-26-0\" data-stretch-type=\"full-stretched\" ><div id=\"pgc-26-0-0\"  class=\"panel-grid-cell\" ><div id=\"panel-26-0-0-0\" class=\"so-panel widget widget_sow-hero panel-first-child panel-last-child\" data-index=\"0\" ><div\n\t\t\t\n\t\t\tclass=\"so-widget-sow-hero so-widget-sow-hero-default-89b41ad833c8-26 so-widget-fittext-wrapper\"\n\t\t\t data-fit-text-compressor=\"0.85\"\n\t\t>\t\t\t\t<div class=\"sow-slider-base\" style=\"display: none\" tabindex=\"0\">\n\t\t\t\t\t<ul\n\t\t\t\t\tclass=\"sow-slider-images\"\n\t\t\t\t\tdata-settings=\"{&quot;pagination&quot;:true,&quot;speed&quot;:800,&quot;timeout&quot;:8000,&quot;paused&quot;:false,&quot;pause_on_hover&quot;:false,&quot;swipe&quot;:true,&quot;nav_always_show_desktop&quot;:&quot;&quot;,&quot;nav_always_show_mobile&quot;:&quot;&quot;,&quot;breakpoint&quot;:&quot;780px&quot;,&quot;unmute&quot;:false,&quot;anchor&quot;:null}\"\n\t\t\t\t\tstyle=\"min-height: 500px\"\t\t\t\t\tdata-anchor-id=\"\"\n\t\t\t\t>\t\t<li class=\"sow-slider-image  sow-slider-image-cover\" style=\"visibility: visible;;background-color: #333333;background-image: url(https:\/\/www.americaeb5visa.com\/tr\/wp-content\/uploads\/sites\/6\/2016\/09\/NewsBackground.jpg)\" >\n\t\t\t\t\t<div class=\"sow-slider-image-container\">\n\t\t\t<div class=\"sow-slider-image-wrapper\">\n\t\t\t\t<h1 style=\"text-align: center\">Senato EB-5 B\u00f6lgesel Merkez program\u0131n\u0131 9 Aral\u0131k'a kadar uzatt\u0131.<\/h1><h2 style=\"text-align: center\">\u00a0<\/h2><h2 style=\"text-align: center\">Daha \u00e7ok bilgi i\u00e7in bizi takip edin!<\/h2>\t\t\t<\/div>\n\t\t<\/div>\n\t\t\t\t<\/li>\n\t\t<\/ul>\t\t\t\t<ol class=\"sow-slider-pagination\">\n\t\t\t\t\t\t\t\t\t\t\t<li><a href=\"#\" data-goto=\"0\" aria-label=\"Display slide 1\"><\/a><\/li>\n\t\t\t\t\t\t\t\t\t<\/ol>\n\n\t\t\t\t<div class=\"sow-slide-nav sow-slide-nav-next\">\n\t\t\t\t\t<a href=\"#\" data-goto=\"next\" aria-label=\"Next slide\" data-action=\"next\">\n\t\t\t\t\t\t<em class=\"sow-sld-icon-thin-right\"><\/em>\n\t\t\t\t\t<\/a>\n\t\t\t\t<\/div>\n\n\t\t\t\t<div class=\"sow-slide-nav sow-slide-nav-prev\">\n\t\t\t\t\t<a href=\"#\" data-goto=\"previous\" aria-label=\"Previous slide\" data-action=\"prev\">\n\t\t\t\t\t\t<em class=\"sow-sld-icon-thin-left\"><\/em>\n\t\t\t\t\t<\/a>\n\t\t\t\t<\/div>\n\t\t\t\t<\/div><\/div><\/div><\/div><\/div><\/div><div id=\"pg-26-1\"  class=\"panel-grid panel-no-style\" ><div id=\"pgc-26-1-0\"  class=\"panel-grid-cell\" ><div id=\"panel-26-1-0-0\" class=\"so-panel widget widget_sow-editor panel-first-child panel-last-child\" data-index=\"1\" ><div\n\t\t\t\n\t\t\tclass=\"so-widget-sow-editor so-widget-sow-editor-base\"\n\t\t\t\n\t\t>\n<div class=\"siteorigin-widget-tinymce textwidget\">\n\t<h1>Senato EB-5 B\u00f6lgesel Merkez program\u0131n\u0131 9 Aral\u0131k'a kadar uzatt\u0131.<\/h1>\n<h2>\u00a0<\/h2>\n<h2>Daha \u00e7ok bilgi i\u00e7in bizi takip edin!<\/h2>\n<p>\u00a0<\/p>\n<p><a href=\"mailto:info@americaeb5visa.com\">americaeb5visa <\/a>taraf\u0131ndan 6 Ekim 2016'da payla\u015f\u0131ld\u0131.<\/p>\n<p>\u00a0<\/p>\n<p>\u00a0<\/p>\n<h2>\u00a0<\/h2>\n<h2>Biliyor muydunuz?<\/h2>\n<p>\u00a0<\/p>\n<p>28 Eyl\u00fcl\u2019de, b\u00fcy\u00fck bir kitle taraf\u0131ndan beklenildi\u011fi gibi, Senato,\u00a0 Federal h\u00fck\u00fcmeti 9 Aral\u0131k'a kadar fonlamay\u0131 yasala\u015ft\u0131ran bir karar\u0131 onaylad\u0131. Yasaya g\u00f6re, EB-5 Program\u0131 da ayn\u0131 g\u00fcne kadar uzat\u0131lacak. Daha \u00f6nce de belirtti\u011fimiz gibi, gerek TEA Projelerine gerek di\u011fer projelere yat\u0131r\u0131lmas\u0131 gereken asgari miktar\u0131n y\u00fckseltilece\u011fi ka\u00e7\u0131n\u0131lmaz gibi g\u00f6r\u00fcn\u00fcyor. Dolay\u0131s\u0131 ile erken davran\u0131p bu asgari miktarlar de\u011fi\u015fmeden bir proje se\u00e7menizi tavsiye ediyoruz. En son haberleri duymak i\u00e7in bizi takipte kal\u0131n.<\/p>\n<p>\u00a0<\/p>\n<p>Daha \u00e7ok bilgi i\u00e7in <a href=\"mailto:info@americaeb5visa.com\">info@americaeb5visa.com<\/a> adresimizden e-posta yollayabilir veya <a href=\"tel: +90 535 894 65 31\">+90 535 894 65 31\u00a0<\/a>telefonumuzu arayabilirsiniz.<\/p>\n<\/div>\n<\/div><\/div><\/div><\/div><div id=\"pg-26-2\"  class=\"panel-grid panel-has-style\" ><div class=\"panel-row-style panel-row-style-for-26-2\" ><div id=\"pgc-26-2-0\"  class=\"panel-grid-cell\" ><div id=\"panel-26-2-0-0\" class=\"so-panel widget widget_sow-button panel-first-child panel-last-child\" data-index=\"2\" ><div class=\"panel-widget-style panel-widget-style-for-26-2-0-0\" ><div\n\t\t\t\n\t\t\tclass=\"so-widget-sow-button so-widget-sow-button-atom-216ba6d25c77-26\"\n\t\t\t\n\t\t><div class=\"ow-button-base ow-button-align-center\"\n>\n\t\t\t<a\n\t\t\t\t\thref=\"http:\/\/www.americaeb5visa.com\/tr\/haberler\/\"\n\t\t\t\t\tclass=\"sowb-button ow-icon-placement-left ow-button-hover\" \t>\n\t\t<span>\n\t\t\t\n\t\t\tHaberlere geri d\u00f6n\t\t<\/span>\n\t\t\t<\/a>\n\t<\/div>\n<\/div><\/div><\/div><\/div><\/div><\/div><\/div>","protected":false},"excerpt":{"rendered":"<p>Senato EB-5 B\u00f6lgesel Merkez program\u0131n\u0131 9 Aral\u0131k&#8217;a kadar uzatt\u0131.\u00a0Daha \u00e7ok bilgi i\u00e7in bizi takip edin!\u00a0americaeb5visa taraf\u0131ndan 6 Ekim 2016&#8217;da payla\u015f\u0131ld\u0131.\u00a0\u00a0\u00a0Biliyor muydunuz?\u00a028 Eyl\u00fcl\u2019de, b\u00fcy\u00fck bir kitle taraf\u0131ndan beklenildi\u011fi gibi, Senato,\u00a0 Federal h\u00fck\u00fcmeti 9 Aral\u0131k&#8217;a kadar fonlamay\u0131 yasala\u015ft\u0131ran bir karar\u0131 onaylad\u0131. Yasaya g\u00f6re, EB-5 Program\u0131 da ayn\u0131 g\u00fcne kadar uzat\u0131lacak. Daha \u00f6nce de belirtti\u011fimiz gibi, gerek TEA<a class=\"moretag\" href=\"https:\/\/www.americaeb5visa.com\/tr\/blog\/2016\/10\/06\/senato-eb-5-bolgesel-merkez-programini-9-aralika-kadar-uzatti\/\"><span class=\"screen-reader-text\">Hakk\u0131nda daha fazlas\u0131n\u0131 oku Senato EB-5 B\u00f6lgesel Merkez program\u0131n\u0131 9 Aral\u0131k&#8217;a kadar uzatt\u0131.<\/span>[&#8230;]<\/a><\/p>\n","protected":false},"author":1,"featured_media":113,"comment_status":"closed","ping_status":"closed","sticky":false,"template":"","format":"standard","meta":{"_acf_changed":false,"_monsterinsights_skip_tracking":false,"_monsterinsights_sitenote_active":false,"_monsterinsights_sitenote_note":"","_monsterinsights_sitenote_category":0,"footnotes":""},"categories":[1],"tags":[],"class_list":["post-26","post","type-post","status-publish","format-standard","has-post-thumbnail","hentry","category-uncategorized"],"acf":[],"rttpg_featured_image_url":{"full":["https:\/\/www.americaeb5visa.com\/tr\/wp-content\/uploads\/sites\/6\/2016\/09\/AdobeStock_25409363.jpg",2560,1858,false],"landscape":["https:\/\/www.americaeb5visa.com\/tr\/wp-content\/uploads\/sites\/6\/2016\/09\/AdobeStock_25409363.jpg",2560,1858,false],"portraits":["https:\/\/www.americaeb5visa.com\/tr\/wp-content\/uploads\/sites\/6\/2016\/09\/AdobeStock_25409363.jpg",2560,1858,false],"thumbnail":["https:\/\/www.americaeb5visa.com\/tr\/wp-content\/uploads\/sites\/6\/2016\/09\/AdobeStock_25409363-150x150.jpg",150,150,true],"medium":["https:\/\/www.americaeb5visa.com\/tr\/wp-content\/uploads\/sites\/6\/2016\/09\/AdobeStock_25409363-300x218.jpg",300,218,true],"large":["https:\/\/www.americaeb5visa.com\/tr\/wp-content\/uploads\/sites\/6\/2016\/09\/AdobeStock_25409363-1024x743.jpg",730,530,true],"timeline-express":["https:\/\/www.americaeb5visa.com\/tr\/wp-content\/uploads\/sites\/6\/2016\/09\/AdobeStock_25409363-350x120.jpg",350,120,true],"timeline-express-thumbnail":["https:\/\/www.americaeb5visa.com\/tr\/wp-content\/uploads\/sites\/6\/2016\/09\/AdobeStock_25409363-200x120.jpg",200,120,true],"1536x1536":["https:\/\/www.americaeb5visa.com\/tr\/wp-content\/uploads\/sites\/6\/2016\/09\/AdobeStock_25409363.jpg",1536,1115,false],"2048x2048":["https:\/\/www.americaeb5visa.com\/tr\/wp-content\/uploads\/sites\/6\/2016\/09\/AdobeStock_25409363.jpg",2048,1486,false],"llorix-one-lite-post-thumbnail-big":["https:\/\/www.americaeb5visa.com\/tr\/wp-content\/uploads\/sites\/6\/2016\/09\/AdobeStock_25409363-730x340.jpg",730,340,true],"llorix-one-lite-post-thumbnail-mobile":["https:\/\/www.americaeb5visa.com\/tr\/wp-content\/uploads\/sites\/6\/2016\/09\/AdobeStock_25409363-500x233.jpg",500,233,true],"llorix-one-lite-post-thumbnail-latest-news":["https:\/\/www.americaeb5visa.com\/tr\/wp-content\/uploads\/sites\/6\/2016\/09\/AdobeStock_25409363-150x150.jpg",150,150,true],"menu-24x24":["https:\/\/www.americaeb5visa.com\/tr\/wp-content\/uploads\/sites\/6\/2016\/09\/AdobeStock_25409363-24x17.jpg",24,17,true],"menu-36x36":["https:\/\/www.americaeb5visa.com\/tr\/wp-content\/uploads\/sites\/6\/2016\/09\/AdobeStock_25409363-36x26.jpg",36,26,true],"menu-48x48":["https:\/\/www.americaeb5visa.com\/tr\/wp-content\/uploads\/sites\/6\/2016\/09\/AdobeStock_25409363-48x35.jpg",48,35,true],"sow-carousel-default":["https:\/\/www.americaeb5visa.com\/tr\/wp-content\/uploads\/sites\/6\/2016\/09\/AdobeStock_25409363-272x182.jpg",272,182,true]},"rttpg_author":{"display_name":"AdminNIso","author_link":"https:\/\/www.americaeb5visa.com\/tr\/blog\/author\/admin\/"},"rttpg_comment":0,"rttpg_category":"<a href=\"https:\/\/www.americaeb5visa.com\/tr\/blog\/category\/uncategorized\/\" rel=\"category tag\">Uncategorized<\/a>","rttpg_excerpt":"Senato EB-5 B\u00f6lgesel Merkez program\u0131n\u0131 9 Aral\u0131k'a kadar uzatt\u0131.\u00a0Daha \u00e7ok bilgi i\u00e7in bizi takip edin!\u00a0americaeb5visa taraf\u0131ndan 6 Ekim 2016'da payla\u015f\u0131ld\u0131.\u00a0\u00a0\u00a0Biliyor muydunuz?\u00a028 Eyl\u00fcl\u2019de, b\u00fcy\u00fck bir kitle taraf\u0131ndan beklenildi\u011fi gibi, Senato,\u00a0 Federal h\u00fck\u00fcmeti 9 Aral\u0131k'a kadar fonlamay\u0131 yasala\u015ft\u0131ran bir karar\u0131 onaylad\u0131. Yasaya g\u00f6re, EB-5 Program\u0131 da ayn\u0131 g\u00fcne kadar uzat\u0131lacak. Daha \u00f6nce de belirtti\u011fimiz gibi, gerek TEAHakk\u0131nda&hellip;","_links":{"self":[{"href":"https:\/\/www.americaeb5visa.com\/tr\/wp-json\/wp\/v2\/posts\/26","targetHints":{"allow":["GET"]}}],"collection":[{"href":"https:\/\/www.americaeb5visa.com\/tr\/wp-json\/wp\/v2\/posts"}],"about":[{"href":"https:\/\/www.americaeb5visa.com\/tr\/wp-json\/wp\/v2\/types\/post"}],"author":[{"embeddable":true,"href":"https:\/\/www.americaeb5visa.com\/tr\/wp-json\/wp\/v2\/users\/1"}],"replies":[{"embeddable":true,"href":"https:\/\/www.americaeb5visa.com\/tr\/wp-json\/wp\/v2\/comments?post=26"}],"version-history":[{"count":0,"href":"https:\/\/www.americaeb5visa.com\/tr\/wp-json\/wp\/v2\/posts\/26\/revisions"}],"wp:featuredmedia":[{"embeddable":true,"href":"https:\/\/www.americaeb5visa.com\/tr\/wp-json\/wp\/v2\/media\/113"}],"wp:attachment":[{"href":"https:\/\/www.americaeb5visa.com\/tr\/wp-json\/wp\/v2\/media?parent=26"}],"wp:term":[{"taxonomy":"category","embeddable":true,"href":"https:\/\/www.americaeb5visa.com\/tr\/wp-json\/wp\/v2\/categories?post=26"},{"taxonomy":"post_tag","embeddable":true,"href":"https:\/\/www.americaeb5visa.com\/tr\/wp-json\/wp\/v2\/tags?post=26"}],"curies":[{"name":"wp","href":"https:\/\/api.w.org\/{rel}","templated":true}]}}