{"id":355,"date":"2017-05-01T13:04:04","date_gmt":"2017-05-01T18:04:04","guid":{"rendered":"http:\/\/www.americaeb5visa.com\/tr\/?p=355"},"modified":"2017-05-02T13:05:25","modified_gmt":"2017-05-02T18:05:25","slug":"30-eylul-2017-tarihine-kadar-guvenli","status":"publish","type":"post","link":"https:\/\/www.americaeb5visa.com\/tr\/blog\/2017\/05\/01\/30-eylul-2017-tarihine-kadar-guvenli\/","title":{"rendered":"30 Eyl\u00fcl 2017 tarihine kadar g\u00fcvenli!"},"content":{"rendered":"<div id=\"pl-355\"  class=\"panel-layout\" ><div id=\"pg-355-0\"  class=\"panel-grid panel-has-style\" ><div class=\"siteorigin-panels-stretch panel-row-style panel-row-style-for-355-0\" data-stretch-type=\"full-stretched\" ><div id=\"pgc-355-0-0\"  class=\"panel-grid-cell\" ><div id=\"panel-355-0-0-0\" class=\"so-panel widget widget_sow-hero panel-first-child panel-last-child\" data-index=\"0\" ><div\n\t\t\t\n\t\t\tclass=\"so-widget-sow-hero so-widget-sow-hero-default-89b41ad833c8-355 so-widget-fittext-wrapper\"\n\t\t\t data-fit-text-compressor=\"0.85\"\n\t\t>\t\t\t\t<div class=\"sow-slider-base\" style=\"display: none\" tabindex=\"0\">\n\t\t\t\t\t<ul\n\t\t\t\t\tclass=\"sow-slider-images\"\n\t\t\t\t\tdata-settings=\"{&quot;pagination&quot;:true,&quot;speed&quot;:800,&quot;timeout&quot;:8000,&quot;paused&quot;:false,&quot;pause_on_hover&quot;:false,&quot;swipe&quot;:true,&quot;nav_always_show_desktop&quot;:&quot;&quot;,&quot;nav_always_show_mobile&quot;:&quot;&quot;,&quot;breakpoint&quot;:&quot;780px&quot;,&quot;unmute&quot;:false,&quot;anchor&quot;:null}\"\n\t\t\t\t\tstyle=\"min-height: 500px\"\t\t\t\t\tdata-anchor-id=\"\"\n\t\t\t\t>\t\t<li class=\"sow-slider-image  sow-slider-image-cover\" style=\"visibility: visible;;background-color: #333333;background-image: url(https:\/\/www.americaeb5visa.com\/tr\/wp-content\/uploads\/sites\/6\/2017\/05\/Adam-Miller-photos-for-EB5-site-5.jpg)\" >\n\t\t\t\t\t<div class=\"sow-slider-image-container\">\n\t\t\t<div class=\"sow-slider-image-wrapper\">\n\t\t\t\t<h1 style=\"text-align: center\"><strong>30 Eyl\u00fcl 2017 tarihine kadar g\u00fcvenli!<\/strong><\/h1>\t\t\t<\/div>\n\t\t<\/div>\n\t\t\t\t<\/li>\n\t\t<\/ul>\t\t\t\t<ol class=\"sow-slider-pagination\">\n\t\t\t\t\t\t\t\t\t\t\t<li><a href=\"#\" data-goto=\"0\" aria-label=\"Display slide 1\"><\/a><\/li>\n\t\t\t\t\t\t\t\t\t<\/ol>\n\n\t\t\t\t<div class=\"sow-slide-nav sow-slide-nav-next\">\n\t\t\t\t\t<a href=\"#\" data-goto=\"next\" aria-label=\"Next slide\" data-action=\"next\">\n\t\t\t\t\t\t<em class=\"sow-sld-icon-thin-right\"><\/em>\n\t\t\t\t\t<\/a>\n\t\t\t\t<\/div>\n\n\t\t\t\t<div class=\"sow-slide-nav sow-slide-nav-prev\">\n\t\t\t\t\t<a href=\"#\" data-goto=\"previous\" aria-label=\"Previous slide\" data-action=\"prev\">\n\t\t\t\t\t\t<em class=\"sow-sld-icon-thin-left\"><\/em>\n\t\t\t\t\t<\/a>\n\t\t\t\t<\/div>\n\t\t\t\t<\/div><\/div><\/div><\/div><\/div><\/div><div id=\"pg-355-1\"  class=\"panel-grid panel-no-style\" ><div id=\"pgc-355-1-0\"  class=\"panel-grid-cell\" ><div id=\"panel-355-1-0-0\" class=\"so-panel widget widget_sow-editor panel-first-child panel-last-child\" data-index=\"1\" ><div\n\t\t\t\n\t\t\tclass=\"so-widget-sow-editor so-widget-sow-editor-base\"\n\t\t\t\n\t\t>\n<div class=\"siteorigin-widget-tinymce textwidget\">\n\t<h2><strong>Biliyor muydunuz?<\/strong><\/h2>\n<p>\u00a0<\/p>\n<p>Bug\u00fcn, Meclisin ald\u0131\u011f\u0131 karar nezdinde, h\u00fck\u00fcmet projelerine 30 Eyl\u00fcl'e kadar kaynak ay\u0131r\u0131lmaya devam edilecek. Meclis, bu ikili parti harcama yasas\u0131n\u0131n bir par\u00e7as\u0131 olarak, EB-5 B\u00f6lgesel Merkez Program\u0131n\u0131n da 30 Eyl\u00fcl\u2019e kadar hi\u00e7 bir de\u011fi\u015fiklik yap\u0131lmadan uzat\u0131lmas\u0131n\u0131 onaylad\u0131.<\/p>\n<p>Tabii ki, Meclisin bu hareketi, gelecek son ba\u015fvuru tarihi geldi\u011finde, EB-5 B\u00f6lgesel Merkez Program\u0131n\u0131, hi\u00e7bir de\u011fi\u015fiklik yapmadan tekrar geni\u015fletece\u011fi anlam\u0131na gelmiyor. Er ya da ge\u00e7, baz\u0131 de\u011fi\u015fiklikler olabilir.<\/p>\n<p>En belirgin de\u011fi\u015fim, asgari yat\u0131r\u0131m tutar\u0131n\u0131n y\u00fckseltilebilece\u011fidir. Buna ek olarak Meclis, muhtemelen Hedeflenen \u0130stihdam Alan\u0131 (TEA) i\u00e7in uygunluk \u015fartlar\u0131n\u0131 yeniden tan\u0131mlayacakt\u0131r. B\u00fcy\u00fck \u015fehir ve kent b\u00f6lgelerindeki projelerin TEA olarak nitelendirilmesinde daha zorluklarla kar\u015f\u0131la\u015f\u0131laca\u011f\u0131 ve y\u0131ll\u0131k kotalar\u0131n bir b\u00f6l\u00fcm\u00fcn\u00fcn yo\u011fun i\u015fsizlik ve ekonomik s\u0131k\u0131nt\u0131 ya\u015fayan b\u00f6lgelere ve k\u0131rsal alanlara tahsis edilece\u011fini bekliyoruz.<\/p>\n<p>Yat\u0131r\u0131mc\u0131lar \u015fimdi ne yapmal\u0131d\u0131r? Pasif bir \u015fekilde vakti mi? \u00d6yle d\u00fc\u015f\u00fcnm\u00fcyoruz.<\/p>\n<p>Beyaz Saray s\u00f6zc\u00fcs\u00fc Michael Short,\u2019un 27 Nisan'da yapt\u0131\u011f\u0131 a\u00e7\u0131klamaya g\u00f6re, \"H\u00fck\u00fcmetin, EB-5 vize program\u0131yla ilgili ciddi endi\u015feleri var. \u0130lk ba\u015fta tasarland\u0131\u011f\u0131 \u015fekliyle kullan\u0131lmad\u0131\u011f\u0131 i\u00e7in, h\u00fck\u00fcmet, \u00f6nemli d\u00fczeltmelere ihtiyac\u0131 oldu\u011funa inand\u0131\u011f\u0131m\u0131z programa uygulanmas\u0131 teklif edilen reformlar\u0131 de\u011ferlendirmeye devam ediyor.''<\/p>\n<p>Hala karars\u0131z bir \u015fekilde bekliyorsan\u0131z, \u00f6ncelikle, EB-5'in sizin i\u00e7in do\u011fru bir se\u00e7im olup olmad\u0131\u011f\u0131ndan emin olun. E\u011fer, ilgileniyorsan\u0131z \u015fimdi harekete ge\u00e7me zaman\u0131. 30 Eyl\u00fcl tarihli ertelemeye ra\u011fmen, Meclis \u00fcyeleri arzu ederlerse, EB-5 yasas\u0131n\u0131 herhangi bir zamanda de\u011fi\u015ftirebilirler. Bu, daha d\u00fc\u015f\u00fck yat\u0131r\u0131m tutar\u0131 olan $ 500,000 ile EB-5 Vizesi almaya hak kazanmak i\u00e7in son \u015fans\u0131n\u0131z olabilir.<\/p>\n<p>EB-5 ile ilgili en son haberler hakk\u0131nda daha fazla bilgi i\u00e7in + 1 917 355 9251 numaral\u0131 telefondan bizi aray\u0131n veya info@americaeb5visa.com adresinden bize e-posta at\u0131n.<\/p>\n<p>americaeb5visa taraf\u0131ndan 1 May\u0131s 2017'de g\u00f6nderildi.<\/p>\n<\/div>\n<\/div><\/div><\/div><\/div><div id=\"pg-355-2\"  class=\"panel-grid panel-no-style\" ><div id=\"pgc-355-2-0\"  class=\"panel-grid-cell\" ><div id=\"panel-355-2-0-0\" class=\"so-panel widget widget_sow-button panel-first-child panel-last-child\" data-index=\"2\" ><div class=\"panel-widget-style panel-widget-style-for-355-2-0-0\" ><div\n\t\t\t\n\t\t\tclass=\"so-widget-sow-button so-widget-sow-button-atom-f54c0409268f-355\"\n\t\t\t\n\t\t><div class=\"ow-button-base ow-button-align-center\"\n>\n\t\t\t<a\n\t\t\t\t\thref=\"http:\/\/www.americaeb5visa.com\/tr\/haberler\/\"\n\t\t\t\t\tclass=\"sowb-button ow-icon-placement-left ow-button-hover\" \t>\n\t\t<span>\n\t\t\t\n\t\t\tHaberlere geri d\u00f6n\t\t<\/span>\n\t\t\t<\/a>\n\t<\/div>\n<\/div><\/div><\/div><\/div><\/div><\/div>","protected":false},"excerpt":{"rendered":"<p>Biliyor muydunuz?\u00a0Bug\u00fcn, Meclisin ald\u0131\u011f\u0131 karar nezdinde, h\u00fck\u00fcmet projelerine 30 Eyl\u00fcl&#8217;e kadar kaynak ay\u0131r\u0131lmaya devam edilecek. Meclis, bu ikili parti harcama yasas\u0131n\u0131n bir par\u00e7as\u0131 olarak, EB-5 B\u00f6lgesel Merkez Program\u0131n\u0131n da 30 Eyl\u00fcl\u2019e kadar hi\u00e7 bir de\u011fi\u015fiklik yap\u0131lmadan uzat\u0131lmas\u0131n\u0131 onaylad\u0131.Tabii ki, Meclisin bu hareketi, gelecek son ba\u015fvuru tarihi geldi\u011finde, EB-5 B\u00f6lgesel Merkez Program\u0131n\u0131, hi\u00e7bir de\u011fi\u015fiklik yapmadan tekrar<a class=\"moretag\" href=\"https:\/\/www.americaeb5visa.com\/tr\/blog\/2017\/05\/01\/30-eylul-2017-tarihine-kadar-guvenli\/\"><span class=\"screen-reader-text\">Hakk\u0131nda daha fazlas\u0131n\u0131 oku 30 Eyl\u00fcl 2017 tarihine kadar g\u00fcvenli!<\/span>[&#8230;]<\/a><\/p>\n","protected":false},"author":1,"featured_media":356,"comment_status":"closed","ping_status":"closed","sticky":false,"template":"","format":"standard","meta":{"_acf_changed":false,"_monsterinsights_skip_tracking":false,"_monsterinsights_sitenote_active":false,"_monsterinsights_sitenote_note":"","_monsterinsights_sitenote_category":0,"footnotes":""},"categories":[1],"tags":[],"class_list":["post-355","post","type-post","status-publish","format-standard","has-post-thumbnail","hentry","category-uncategorized"],"acf":[],"rttpg_featured_image_url":{"full":["https:\/\/www.americaeb5visa.com\/tr\/wp-content\/uploads\/sites\/6\/2017\/05\/Adam-Miller-photos-for-EB5-site-5.jpg",1280,853,false],"landscape":["https:\/\/www.americaeb5visa.com\/tr\/wp-content\/uploads\/sites\/6\/2017\/05\/Adam-Miller-photos-for-EB5-site-5.jpg",1280,853,false],"portraits":["https:\/\/www.americaeb5visa.com\/tr\/wp-content\/uploads\/sites\/6\/2017\/05\/Adam-Miller-photos-for-EB5-site-5.jpg",1280,853,false],"thumbnail":["https:\/\/www.americaeb5visa.com\/tr\/wp-content\/uploads\/sites\/6\/2017\/05\/Adam-Miller-photos-for-EB5-site-5-150x150.jpg",150,150,true],"medium":["https:\/\/www.americaeb5visa.com\/tr\/wp-content\/uploads\/sites\/6\/2017\/05\/Adam-Miller-photos-for-EB5-site-5-300x200.jpg",300,200,true],"large":["https:\/\/www.americaeb5visa.com\/tr\/wp-content\/uploads\/sites\/6\/2017\/05\/Adam-Miller-photos-for-EB5-site-5-1024x682.jpg",730,486,true],"timeline-express":["https:\/\/www.americaeb5visa.com\/tr\/wp-content\/uploads\/sites\/6\/2017\/05\/Adam-Miller-photos-for-EB5-site-5-350x120.jpg",350,120,true],"timeline-express-thumbnail":["https:\/\/www.americaeb5visa.com\/tr\/wp-content\/uploads\/sites\/6\/2017\/05\/Adam-Miller-photos-for-EB5-site-5-200x120.jpg",200,120,true],"1536x1536":["https:\/\/www.americaeb5visa.com\/tr\/wp-content\/uploads\/sites\/6\/2017\/05\/Adam-Miller-photos-for-EB5-site-5.jpg",1280,853,false],"2048x2048":["https:\/\/www.americaeb5visa.com\/tr\/wp-content\/uploads\/sites\/6\/2017\/05\/Adam-Miller-photos-for-EB5-site-5.jpg",1280,853,false],"llorix-one-lite-post-thumbnail-big":["https:\/\/www.americaeb5visa.com\/tr\/wp-content\/uploads\/sites\/6\/2017\/05\/Adam-Miller-photos-for-EB5-site-5-730x340.jpg",730,340,true],"llorix-one-lite-post-thumbnail-mobile":["https:\/\/www.americaeb5visa.com\/tr\/wp-content\/uploads\/sites\/6\/2017\/05\/Adam-Miller-photos-for-EB5-site-5-500x233.jpg",500,233,true],"llorix-one-lite-post-thumbnail-latest-news":["https:\/\/www.americaeb5visa.com\/tr\/wp-content\/uploads\/sites\/6\/2017\/05\/Adam-Miller-photos-for-EB5-site-5-150x150.jpg",150,150,true],"menu-24x24":["https:\/\/www.americaeb5visa.com\/tr\/wp-content\/uploads\/sites\/6\/2017\/05\/Adam-Miller-photos-for-EB5-site-5-24x16.jpg",24,16,true],"menu-36x36":["https:\/\/www.americaeb5visa.com\/tr\/wp-content\/uploads\/sites\/6\/2017\/05\/Adam-Miller-photos-for-EB5-site-5-36x24.jpg",36,24,true],"menu-48x48":["https:\/\/www.americaeb5visa.com\/tr\/wp-content\/uploads\/sites\/6\/2017\/05\/Adam-Miller-photos-for-EB5-site-5-48x32.jpg",48,32,true],"sow-carousel-default":["https:\/\/www.americaeb5visa.com\/tr\/wp-content\/uploads\/sites\/6\/2017\/05\/Adam-Miller-photos-for-EB5-site-5-272x182.jpg",272,182,true]},"rttpg_author":{"display_name":"AdminNIso","author_link":"https:\/\/www.americaeb5visa.com\/tr\/blog\/author\/admin\/"},"rttpg_comment":0,"rttpg_category":"<a href=\"https:\/\/www.americaeb5visa.com\/tr\/blog\/category\/uncategorized\/\" rel=\"category tag\">Uncategorized<\/a>","rttpg_excerpt":"Biliyor muydunuz?\u00a0Bug\u00fcn, Meclisin ald\u0131\u011f\u0131 karar nezdinde, h\u00fck\u00fcmet projelerine 30 Eyl\u00fcl'e kadar kaynak ay\u0131r\u0131lmaya devam edilecek. Meclis, bu ikili parti harcama yasas\u0131n\u0131n bir par\u00e7as\u0131 olarak, EB-5 B\u00f6lgesel Merkez Program\u0131n\u0131n da 30 Eyl\u00fcl\u2019e kadar hi\u00e7 bir de\u011fi\u015fiklik yap\u0131lmadan uzat\u0131lmas\u0131n\u0131 onaylad\u0131.Tabii ki, Meclisin bu hareketi, gelecek son ba\u015fvuru tarihi geldi\u011finde, EB-5 B\u00f6lgesel Merkez Program\u0131n\u0131, hi\u00e7bir de\u011fi\u015fiklik yapmadan tekrarHakk\u0131nda&hellip;","_links":{"self":[{"href":"https:\/\/www.americaeb5visa.com\/tr\/wp-json\/wp\/v2\/posts\/355","targetHints":{"allow":["GET"]}}],"collection":[{"href":"https:\/\/www.americaeb5visa.com\/tr\/wp-json\/wp\/v2\/posts"}],"about":[{"href":"https:\/\/www.americaeb5visa.com\/tr\/wp-json\/wp\/v2\/types\/post"}],"author":[{"embeddable":true,"href":"https:\/\/www.americaeb5visa.com\/tr\/wp-json\/wp\/v2\/users\/1"}],"replies":[{"embeddable":true,"href":"https:\/\/www.americaeb5visa.com\/tr\/wp-json\/wp\/v2\/comments?post=355"}],"version-history":[{"count":0,"href":"https:\/\/www.americaeb5visa.com\/tr\/wp-json\/wp\/v2\/posts\/355\/revisions"}],"wp:featuredmedia":[{"embeddable":true,"href":"https:\/\/www.americaeb5visa.com\/tr\/wp-json\/wp\/v2\/media\/356"}],"wp:attachment":[{"href":"https:\/\/www.americaeb5visa.com\/tr\/wp-json\/wp\/v2\/media?parent=355"}],"wp:term":[{"taxonomy":"category","embeddable":true,"href":"https:\/\/www.americaeb5visa.com\/tr\/wp-json\/wp\/v2\/categories?post=355"},{"taxonomy":"post_tag","embeddable":true,"href":"https:\/\/www.americaeb5visa.com\/tr\/wp-json\/wp\/v2\/tags?post=355"}],"curies":[{"name":"wp","href":"https:\/\/api.w.org\/{rel}","templated":true}]}}