{"id":377,"date":"2017-08-04T16:55:04","date_gmt":"2017-08-04T21:55:04","guid":{"rendered":"http:\/\/www.americaeb5visa.com\/tr\/?p=377"},"modified":"2017-12-13T11:28:10","modified_gmt":"2017-12-13T16:28:10","slug":"30-eylul-2017-tarihine-kadar-guvenli-2","status":"publish","type":"post","link":"https:\/\/www.americaeb5visa.com\/tr\/blog\/2017\/08\/04\/30-eylul-2017-tarihine-kadar-guvenli-2\/","title":{"rendered":"30 Eyl\u00fcl son ba\u015fvuru tarihi yakla\u015f\u0131yor!"},"content":{"rendered":"<div id=\"pl-377\"  class=\"panel-layout\" ><div id=\"pg-377-0\"  class=\"panel-grid panel-has-style\" ><div class=\"siteorigin-panels-stretch panel-row-style panel-row-style-for-377-0\" data-stretch-type=\"full-stretched\" ><div id=\"pgc-377-0-0\"  class=\"panel-grid-cell\" ><div id=\"panel-377-0-0-0\" class=\"so-panel widget widget_sow-hero panel-first-child panel-last-child\" data-index=\"0\" ><div\n\t\t\t\n\t\t\tclass=\"so-widget-sow-hero so-widget-sow-hero-default-89b41ad833c8-377 so-widget-fittext-wrapper\"\n\t\t\t data-fit-text-compressor=\"0.85\"\n\t\t>\t\t\t\t<div class=\"sow-slider-base\" style=\"display: none\" tabindex=\"0\">\n\t\t\t\t\t<ul\n\t\t\t\t\tclass=\"sow-slider-images\"\n\t\t\t\t\tdata-settings=\"{&quot;pagination&quot;:true,&quot;speed&quot;:800,&quot;timeout&quot;:8000,&quot;paused&quot;:false,&quot;pause_on_hover&quot;:false,&quot;swipe&quot;:true,&quot;nav_always_show_desktop&quot;:&quot;&quot;,&quot;nav_always_show_mobile&quot;:&quot;&quot;,&quot;breakpoint&quot;:&quot;780px&quot;,&quot;unmute&quot;:false,&quot;anchor&quot;:null}\"\n\t\t\t\t\tstyle=\"min-height: 500px\"\t\t\t\t\tdata-anchor-id=\"\"\n\t\t\t\t>\t\t<li class=\"sow-slider-image  sow-slider-image-cover\" style=\"visibility: visible;;background-color: #333333;background-image: url(https:\/\/www.americaeb5visa.com\/tr\/wp-content\/uploads\/sites\/6\/2017\/08\/Adam-Miller-photos-for-EB5-site-2.jpg)\" >\n\t\t\t\t\t<div class=\"sow-slider-image-container\">\n\t\t\t<div class=\"sow-slider-image-wrapper\">\n\t\t\t\t<h1 style=\"text-align: center\"><strong>30 Eyl\u00fcl son ba\u015fvuru tarihi yakla\u015f\u0131yor!<\/strong><\/h1><p>\u00a0<\/p>\t\t\t<\/div>\n\t\t<\/div>\n\t\t\t\t<\/li>\n\t\t<\/ul>\t\t\t\t<ol class=\"sow-slider-pagination\">\n\t\t\t\t\t\t\t\t\t\t\t<li><a href=\"#\" data-goto=\"0\" aria-label=\"Display slide 1\"><\/a><\/li>\n\t\t\t\t\t\t\t\t\t<\/ol>\n\n\t\t\t\t<div class=\"sow-slide-nav sow-slide-nav-next\">\n\t\t\t\t\t<a href=\"#\" data-goto=\"next\" aria-label=\"Next slide\" data-action=\"next\">\n\t\t\t\t\t\t<em class=\"sow-sld-icon-thin-right\"><\/em>\n\t\t\t\t\t<\/a>\n\t\t\t\t<\/div>\n\n\t\t\t\t<div class=\"sow-slide-nav sow-slide-nav-prev\">\n\t\t\t\t\t<a href=\"#\" data-goto=\"previous\" aria-label=\"Previous slide\" data-action=\"prev\">\n\t\t\t\t\t\t<em class=\"sow-sld-icon-thin-left\"><\/em>\n\t\t\t\t\t<\/a>\n\t\t\t\t<\/div>\n\t\t\t\t<\/div><\/div><\/div><\/div><\/div><\/div><div id=\"pg-377-1\"  class=\"panel-grid panel-no-style\" ><div id=\"pgc-377-1-0\"  class=\"panel-grid-cell\" ><div id=\"panel-377-1-0-0\" class=\"so-panel widget widget_sow-editor panel-first-child panel-last-child\" data-index=\"1\" ><div\n\t\t\t\n\t\t\tclass=\"so-widget-sow-editor so-widget-sow-editor-base\"\n\t\t\t\n\t\t>\n<div class=\"siteorigin-widget-tinymce textwidget\">\n\t<p><strong>Biliyor muydunuz?<\/strong><\/p>\n<p>30 Eyl\u00fcl 2017 son ba\u015fvuru tarihine iki aydan daha k\u0131sa bir s\u00fcre kald\u0131\u011f\u0131n\u0131 biliyor muydunuz? \u015eu an y\u00fcr\u00fcrl\u00fckte olan EB-5 yasas\u0131 de\u011fi\u015fti\u011finde ne olaca\u011f\u0131 bekleniyor?<\/p>\n<ol>\n<li><strong>Hedeflenen \u0130stihdam Alan\u0131 (H\u0130A) tan\u0131m\u0131 de\u011fi\u015fecek: <\/strong><\/li>\n<\/ol>\n<p>\u015eimdiki gibi, indirimli d\u00fc\u015f\u00fck seviyede yat\u0131r\u0131m yapabilmek i\u00e7in, yat\u0131r\u0131mc\u0131lar\u0131n ger\u00e7ekten k\u0131rsal alanlarda projeler bulmalar\u0131 gerekecek. Bug\u00fcn uygulamada olan yasa de\u011fi\u015fince art\u0131k \u015fehrin g\u00f6be\u011finde yer alan projeler H\u0130A tan\u0131m\u0131n\u0131n d\u0131\u015f\u0131nda kalacaklar. \u00c7\u00fcnk\u00fc art\u0131k projenin yeri ile y\u00fcksek i\u015fsizlik olan yerlerin aras\u0131ndaki mesafe, y\u00f6renin H\u0130A olup olmad\u0131\u011f\u0131n\u0131n tespitinde kullan\u0131lan kriterlerden biri olmaktan kalkacak. Buna ek olarak, bir alan\u0131n H\u0130A olup olmad\u0131\u011f\u0131n\u0131n belirleme yetkisi de eyaletlerden al\u0131n\u0131p federal h\u00fck\u00fcmete verilece\u011fi s\u00f6yleniyor. E\u011fer bu de\u011fi\u015fiklik uygulan\u0131rsa, yabanc\u0131 yat\u0131r\u0131mc\u0131lar\u0131n programa olan talebinin ciddi \u015fekilde azalaca\u011f\u0131 kesin gibi.<\/p>\n<ol start=\"2\">\n<li><strong>Asgari yat\u0131r\u0131m tutar\u0131n\u0131n da yukar\u0131 do\u011fru revize edilece\u011fi neredeyse kesin. <\/strong><\/li>\n<\/ol>\n<p>H\u0130A'lar i\u00e7in gerekli asgari yat\u0131r\u0131m, 800.000 ila 1,35 milyon dolar aras\u0131nda bir rakama kadar y\u00fckseltilebilir. H\u0130A d\u0131\u015f\u0131 projeler i\u00e7in, asgari gerekli yat\u0131r\u0131m\u0131n 1,8 milyon dolara \u00e7\u0131kmas\u0131 bekleniyor. B\u00f6ylesine \u015fiddetli bir art\u0131\u015f EB-5 g\u00f6\u00e7menlik program\u0131 se\u00e7ene\u011fini olduk\u00e7a ra\u011fbetsiz yapabilir ve gelecekteki yat\u0131r\u0131mlar\u0131 yava\u015flatabilir. Beklenen de\u011fi\u015fiklikler, EB-5\u2019i, Bat\u0131 d\u00fcnyas\u0131n\u0131n di\u011fer \u00fclkelerinin benzer g\u00f6\u00e7menlik programlar\u0131na k\u0131yasla daha az \u00e7ekici yapacakt\u0131r.<\/p>\n<ol start=\"3\">\n<li><strong>Projeler h\u00fck\u00fcmet mercileri taraf\u0131ndan daha yak\u0131ndan izlenecektir. <\/strong><\/li>\n<\/ol>\n<p>Yat\u0131r\u0131mc\u0131lar\u0131n haklar\u0131n\u0131 koruma, potansiyel doland\u0131r\u0131c\u0131l\u0131k riskini azaltma ve do\u011fabilecek beklenmedik problemleri erkenden tespit edilebilme a\u00e7\u0131s\u0131ndan bu de\u011fi\u015fiklik yat\u0131r\u0131mc\u0131lar i\u00e7in iyi olacakt\u0131r.<\/p>\n<p>Harekete ge\u00e7me zaman\u0131n\u0131n \u015fimdi oldu\u011funu art\u0131k s\u00f6ylemeye gerek yok! Yat\u0131r\u0131mc\u0131lar, fon kaynaklar\u0131n\u0131 kan\u0131tlamak i\u00e7in kendi beklentilerinden \u00e7ok daha fazla vakit harc\u0131yorlar. Bu nedenle, ba\u015fvuru s\u00fcrecini ne kadar erken ba\u015flat\u0131rsan\u0131z, 30 Eyl\u00fcl son ba\u015fvuru tarihini yakalaman\u0131z o kadar daha kolay ve kesin olacakt\u0131r.<\/p>\n<p>EB-5 yat\u0131r\u0131m\u0131n\u0131 finanse etmek i\u00e7in, bug\u00fcnk\u00fc, ekonomik olmayan fiyatlardan gayrimenkullerini satmak istemeyenler, bankadan ipotek kar\u015f\u0131l\u0131\u011f\u0131nda kredi alarak ta yat\u0131r\u0131m\u0131 ger\u00e7ekle\u015ftirebilirler. \u00a0Gayrimenkul pazar\u0131 d\u00fczelip gayrimenkul satma \u015fartlar\u0131 daha uygun hale geldi\u011finde, sat\u0131\u015ftan kazand\u0131klar\u0131 para ile yat\u0131r\u0131mc\u0131lar banka bor\u00e7lar\u0131n\u0131 kapatabilirler. Kendilerine hibe ile para sa\u011flayacak ebeveynleri, yak\u0131nlar\u0131 veya arkada\u015flar\u0131 olan \u015fansl\u0131 ki\u015filer bu fonlar\u0131 yat\u0131r\u0131m i\u00e7in kullanabilirler. Belirtti\u011fimiz bu \u00fc\u00e7 \u00f6nemli y\u00f6ntemden (sat\u0131\u015f, kredi veya hediye) hangisi olursa olsun, bir tanesine karar verip yat\u0131r\u0131m\u0131n\u0131z\u0131 \u015fimdi yapman\u0131z\u0131 \u00f6neriyoruz. Zaman\u0131nda hareket etti\u011finiz i\u00e7in mutlu olacaks\u0131n\u0131z!<\/p>\n<p>EB-5 ile ilgili en son haberler hakk\u0131nda daha fazla bilgi i\u00e7in bizi + 1 917 355 9251 numaral\u0131 telefondan direk veya WhatsApp \u00fczerinden arayabilirsiniz. Arzu ederseniz, info@americaeb5visa.com adresinden bize e-posta g\u00f6nderebilirsiniz. T\u00fcrkiye\u2019de bize (0535) 894 65 31 numaras\u0131 \u00fczerinden ula\u015fabilirsiniz.<\/p>\n<p>americaeb5visa taraf\u0131ndan 31 Temmuz 2017'de g\u00f6nderildi.<\/p>\n<\/div>\n<\/div><\/div><\/div><\/div><div id=\"pg-377-2\"  class=\"panel-grid panel-no-style\" ><div id=\"pgc-377-2-0\"  class=\"panel-grid-cell\" ><div id=\"panel-377-2-0-0\" class=\"so-panel widget widget_sow-button panel-first-child panel-last-child\" data-index=\"2\" ><div class=\"panel-widget-style panel-widget-style-for-377-2-0-0\" ><div\n\t\t\t\n\t\t\tclass=\"so-widget-sow-button so-widget-sow-button-atom-f54c0409268f-377\"\n\t\t\t\n\t\t><div class=\"ow-button-base ow-button-align-center\"\n>\n\t\t\t<a\n\t\t\t\t\thref=\"http:\/\/www.americaeb5visa.com\/tr\/haberler\/\"\n\t\t\t\t\tclass=\"sowb-button ow-icon-placement-left ow-button-hover\" \t>\n\t\t<span>\n\t\t\t\n\t\t\tHaberlere geri d\u00f6n\t\t<\/span>\n\t\t\t<\/a>\n\t<\/div>\n<\/div><\/div><\/div><\/div><\/div><\/div>","protected":false},"excerpt":{"rendered":"<p>Biliyor muydunuz? 30 Eyl\u00fcl 2017 son ba\u015fvuru tarihine iki aydan daha k\u0131sa bir s\u00fcre kald\u0131\u011f\u0131n\u0131 biliyor muydunuz? \u015eu an y\u00fcr\u00fcrl\u00fckte olan EB-5 yasas\u0131 de\u011fi\u015fti\u011finde ne olaca\u011f\u0131 bekleniyor? Hedeflenen \u0130stihdam Alan\u0131 (H\u0130A) tan\u0131m\u0131 de\u011fi\u015fecek: \u015eimdiki gibi, indirimli d\u00fc\u015f\u00fck seviyede yat\u0131r\u0131m yapabilmek i\u00e7in, yat\u0131r\u0131mc\u0131lar\u0131n ger\u00e7ekten k\u0131rsal alanlarda projeler bulmalar\u0131 gerekecek. Bug\u00fcn uygulamada olan yasa de\u011fi\u015fince art\u0131k \u015fehrin<a class=\"moretag\" href=\"https:\/\/www.americaeb5visa.com\/tr\/blog\/2017\/08\/04\/30-eylul-2017-tarihine-kadar-guvenli-2\/\"><span class=\"screen-reader-text\">Hakk\u0131nda daha fazlas\u0131n\u0131 oku 30 Eyl\u00fcl son ba\u015fvuru tarihi yakla\u015f\u0131yor!<\/span>[&#8230;]<\/a><\/p>\n","protected":false},"author":1,"featured_media":378,"comment_status":"closed","ping_status":"closed","sticky":false,"template":"","format":"standard","meta":{"_acf_changed":false,"_monsterinsights_skip_tracking":false,"_monsterinsights_sitenote_active":false,"_monsterinsights_sitenote_note":"","_monsterinsights_sitenote_category":0,"footnotes":""},"categories":[1],"tags":[],"class_list":["post-377","post","type-post","status-publish","format-standard","has-post-thumbnail","hentry","category-uncategorized"],"acf":[],"rttpg_featured_image_url":{"full":["https:\/\/www.americaeb5visa.com\/tr\/wp-content\/uploads\/sites\/6\/2017\/08\/Adam-Miller-photos-for-EB5-site-2.jpg",1280,720,false],"landscape":["https:\/\/www.americaeb5visa.com\/tr\/wp-content\/uploads\/sites\/6\/2017\/08\/Adam-Miller-photos-for-EB5-site-2.jpg",1280,720,false],"portraits":["https:\/\/www.americaeb5visa.com\/tr\/wp-content\/uploads\/sites\/6\/2017\/08\/Adam-Miller-photos-for-EB5-site-2.jpg",1280,720,false],"thumbnail":["https:\/\/www.americaeb5visa.com\/tr\/wp-content\/uploads\/sites\/6\/2017\/08\/Adam-Miller-photos-for-EB5-site-2-150x150.jpg",150,150,true],"medium":["https:\/\/www.americaeb5visa.com\/tr\/wp-content\/uploads\/sites\/6\/2017\/08\/Adam-Miller-photos-for-EB5-site-2-300x169.jpg",300,169,true],"large":["https:\/\/www.americaeb5visa.com\/tr\/wp-content\/uploads\/sites\/6\/2017\/08\/Adam-Miller-photos-for-EB5-site-2-1024x576.jpg",730,411,true],"timeline-express":["https:\/\/www.americaeb5visa.com\/tr\/wp-content\/uploads\/sites\/6\/2017\/08\/Adam-Miller-photos-for-EB5-site-2-350x120.jpg",350,120,true],"timeline-express-thumbnail":["https:\/\/www.americaeb5visa.com\/tr\/wp-content\/uploads\/sites\/6\/2017\/08\/Adam-Miller-photos-for-EB5-site-2-200x120.jpg",200,120,true],"1536x1536":["https:\/\/www.americaeb5visa.com\/tr\/wp-content\/uploads\/sites\/6\/2017\/08\/Adam-Miller-photos-for-EB5-site-2.jpg",1280,720,false],"2048x2048":["https:\/\/www.americaeb5visa.com\/tr\/wp-content\/uploads\/sites\/6\/2017\/08\/Adam-Miller-photos-for-EB5-site-2.jpg",1280,720,false],"llorix-one-lite-post-thumbnail-big":["https:\/\/www.americaeb5visa.com\/tr\/wp-content\/uploads\/sites\/6\/2017\/08\/Adam-Miller-photos-for-EB5-site-2-730x340.jpg",730,340,true],"llorix-one-lite-post-thumbnail-mobile":["https:\/\/www.americaeb5visa.com\/tr\/wp-content\/uploads\/sites\/6\/2017\/08\/Adam-Miller-photos-for-EB5-site-2-500x233.jpg",500,233,true],"llorix-one-lite-post-thumbnail-latest-news":["https:\/\/www.americaeb5visa.com\/tr\/wp-content\/uploads\/sites\/6\/2017\/08\/Adam-Miller-photos-for-EB5-site-2-150x150.jpg",150,150,true],"menu-24x24":["https:\/\/www.americaeb5visa.com\/tr\/wp-content\/uploads\/sites\/6\/2017\/08\/Adam-Miller-photos-for-EB5-site-2-24x14.jpg",24,14,true],"menu-36x36":["https:\/\/www.americaeb5visa.com\/tr\/wp-content\/uploads\/sites\/6\/2017\/08\/Adam-Miller-photos-for-EB5-site-2-36x20.jpg",36,20,true],"menu-48x48":["https:\/\/www.americaeb5visa.com\/tr\/wp-content\/uploads\/sites\/6\/2017\/08\/Adam-Miller-photos-for-EB5-site-2-48x27.jpg",48,27,true],"sow-carousel-default":["https:\/\/www.americaeb5visa.com\/tr\/wp-content\/uploads\/sites\/6\/2017\/08\/Adam-Miller-photos-for-EB5-site-2-272x182.jpg",272,182,true]},"rttpg_author":{"display_name":"AdminNIso","author_link":"https:\/\/www.americaeb5visa.com\/tr\/blog\/author\/admin\/"},"rttpg_comment":0,"rttpg_category":"<a href=\"https:\/\/www.americaeb5visa.com\/tr\/blog\/category\/uncategorized\/\" rel=\"category tag\">Uncategorized<\/a>","rttpg_excerpt":"Biliyor muydunuz? 30 Eyl\u00fcl 2017 son ba\u015fvuru tarihine iki aydan daha k\u0131sa bir s\u00fcre kald\u0131\u011f\u0131n\u0131 biliyor muydunuz? \u015eu an y\u00fcr\u00fcrl\u00fckte olan EB-5 yasas\u0131 de\u011fi\u015fti\u011finde ne olaca\u011f\u0131 bekleniyor? Hedeflenen \u0130stihdam Alan\u0131 (H\u0130A) tan\u0131m\u0131 de\u011fi\u015fecek: \u015eimdiki gibi, indirimli d\u00fc\u015f\u00fck seviyede yat\u0131r\u0131m yapabilmek i\u00e7in, yat\u0131r\u0131mc\u0131lar\u0131n ger\u00e7ekten k\u0131rsal alanlarda projeler bulmalar\u0131 gerekecek. Bug\u00fcn uygulamada olan yasa de\u011fi\u015fince art\u0131k \u015fehrinHakk\u0131nda&hellip;","_links":{"self":[{"href":"https:\/\/www.americaeb5visa.com\/tr\/wp-json\/wp\/v2\/posts\/377","targetHints":{"allow":["GET"]}}],"collection":[{"href":"https:\/\/www.americaeb5visa.com\/tr\/wp-json\/wp\/v2\/posts"}],"about":[{"href":"https:\/\/www.americaeb5visa.com\/tr\/wp-json\/wp\/v2\/types\/post"}],"author":[{"embeddable":true,"href":"https:\/\/www.americaeb5visa.com\/tr\/wp-json\/wp\/v2\/users\/1"}],"replies":[{"embeddable":true,"href":"https:\/\/www.americaeb5visa.com\/tr\/wp-json\/wp\/v2\/comments?post=377"}],"version-history":[{"count":0,"href":"https:\/\/www.americaeb5visa.com\/tr\/wp-json\/wp\/v2\/posts\/377\/revisions"}],"wp:featuredmedia":[{"embeddable":true,"href":"https:\/\/www.americaeb5visa.com\/tr\/wp-json\/wp\/v2\/media\/378"}],"wp:attachment":[{"href":"https:\/\/www.americaeb5visa.com\/tr\/wp-json\/wp\/v2\/media?parent=377"}],"wp:term":[{"taxonomy":"category","embeddable":true,"href":"https:\/\/www.americaeb5visa.com\/tr\/wp-json\/wp\/v2\/categories?post=377"},{"taxonomy":"post_tag","embeddable":true,"href":"https:\/\/www.americaeb5visa.com\/tr\/wp-json\/wp\/v2\/tags?post=377"}],"curies":[{"name":"wp","href":"https:\/\/api.w.org\/{rel}","templated":true}]}}