{"id":380,"date":"2017-04-30T21:42:18","date_gmt":"2017-05-01T02:42:18","guid":{"rendered":"http:\/\/www.americaeb5visa.com\/tr\/?p=380"},"modified":"2017-08-06T21:45:56","modified_gmt":"2017-08-07T02:45:56","slug":"bu-karar-bir-endise-mi-ya-da-rahatlama-mi-yaratacak","status":"publish","type":"post","link":"https:\/\/www.americaeb5visa.com\/tr\/blog\/2017\/04\/30\/bu-karar-bir-endise-mi-ya-da-rahatlama-mi-yaratacak\/","title":{"rendered":"Bu karar bir endi\u015fe mi ya da rahatlama m\u0131 yaratacak?"},"content":{"rendered":"<div id=\"pl-380\"  class=\"panel-layout\" ><div id=\"pg-380-0\"  class=\"panel-grid panel-has-style\" ><div class=\"siteorigin-panels-stretch panel-row-style panel-row-style-for-380-0\" data-stretch-type=\"full-stretched\" ><div id=\"pgc-380-0-0\"  class=\"panel-grid-cell\" ><div id=\"panel-380-0-0-0\" class=\"so-panel widget widget_sow-hero panel-first-child panel-last-child\" data-index=\"0\" ><div\n\t\t\t\n\t\t\tclass=\"so-widget-sow-hero so-widget-sow-hero-default-89b41ad833c8-380 so-widget-fittext-wrapper\"\n\t\t\t data-fit-text-compressor=\"0.85\"\n\t\t>\t\t\t\t<div class=\"sow-slider-base\" style=\"display: none\" tabindex=\"0\">\n\t\t\t\t\t<ul\n\t\t\t\t\tclass=\"sow-slider-images\"\n\t\t\t\t\tdata-settings=\"{&quot;pagination&quot;:true,&quot;speed&quot;:800,&quot;timeout&quot;:8000,&quot;paused&quot;:false,&quot;pause_on_hover&quot;:false,&quot;swipe&quot;:true,&quot;nav_always_show_desktop&quot;:&quot;&quot;,&quot;nav_always_show_mobile&quot;:&quot;&quot;,&quot;breakpoint&quot;:&quot;780px&quot;,&quot;unmute&quot;:false,&quot;anchor&quot;:null}\"\n\t\t\t\t\tstyle=\"min-height: 500px\"\t\t\t\t\tdata-anchor-id=\"\"\n\t\t\t\t>\t\t<li class=\"sow-slider-image  sow-slider-image-cover\" style=\"visibility: visible;;background-color: #333333;background-image: url(https:\/\/www.americaeb5visa.com\/tr\/wp-content\/uploads\/sites\/6\/2017\/08\/Adam-Miller-photos-for-EB5-site-3.jpg)\" >\n\t\t\t\t\t<div class=\"sow-slider-image-container\">\n\t\t\t<div class=\"sow-slider-image-wrapper\">\n\t\t\t\t<h1 style=\"text-align: center\"><strong>Bu karar bir endi\u015fe mi ya da rahatlama m\u0131 yaratacak?<\/strong><\/h1>\t\t\t<\/div>\n\t\t<\/div>\n\t\t\t\t<\/li>\n\t\t<\/ul>\t\t\t\t<ol class=\"sow-slider-pagination\">\n\t\t\t\t\t\t\t\t\t\t\t<li><a href=\"#\" data-goto=\"0\" aria-label=\"Display slide 1\"><\/a><\/li>\n\t\t\t\t\t\t\t\t\t<\/ol>\n\n\t\t\t\t<div class=\"sow-slide-nav sow-slide-nav-next\">\n\t\t\t\t\t<a href=\"#\" data-goto=\"next\" aria-label=\"Next slide\" data-action=\"next\">\n\t\t\t\t\t\t<em class=\"sow-sld-icon-thin-right\"><\/em>\n\t\t\t\t\t<\/a>\n\t\t\t\t<\/div>\n\n\t\t\t\t<div class=\"sow-slide-nav sow-slide-nav-prev\">\n\t\t\t\t\t<a href=\"#\" data-goto=\"previous\" aria-label=\"Previous slide\" data-action=\"prev\">\n\t\t\t\t\t\t<em class=\"sow-sld-icon-thin-left\"><\/em>\n\t\t\t\t\t<\/a>\n\t\t\t\t<\/div>\n\t\t\t\t<\/div><\/div><\/div><\/div><\/div><\/div><div id=\"pg-380-1\"  class=\"panel-grid panel-no-style\" ><div id=\"pgc-380-1-0\"  class=\"panel-grid-cell\" ><div id=\"panel-380-1-0-0\" class=\"so-panel widget widget_sow-editor panel-first-child panel-last-child\" data-index=\"1\" ><div\n\t\t\t\n\t\t\tclass=\"so-widget-sow-editor so-widget-sow-editor-base\"\n\t\t\t\n\t\t>\n<div class=\"siteorigin-widget-tinymce textwidget\">\n\t<h2><strong>Biliyor muydunuz?<\/strong><\/h2>\n<p>28 Nisan 2017'de ABD Kongresi, Federal h\u00fck\u00fcmetin b\u00fct\u00e7esini kar\u015f\u0131layabilmesi i\u00e7in, halen mevcut kanunun 5 May\u0131s'a kadar hi\u00e7 bir de\u011fi\u015fiklik yapmadan devam etmesi karar\u0131n\u0131 onaylad\u0131. Bu karar, ayn\u0131 zamanda 28 Nisan'a kadar nihayetlendirilmesini bekledi\u011fimiz EB-5 program\u0131n\u0131 da etkilerken, program\u0131n gelece\u011fi konusundaki m\u00fczakerelerin bir hafta daha uzat\u0131lmas\u0131 anlam\u0131na da geliyor. Tebli\u011fin, I-526 ba\u015fvurular\u0131 gecikmi\u015f yat\u0131r\u0131mc\u0131lara zaman kazand\u0131rd\u0131\u011f\u0131 ve dosyalar\u0131n\u0131 zaman\u0131nda teslim etmelerine yard\u0131mc\u0131 oldu\u011fu do\u011fru olmas\u0131na ra\u011fmen, hen\u00fcz karar verememi\u015f bir \u015fekilde bekleyi\u015f i\u00e7inde olan ve yeni bir uygulama i\u00e7in s\u00fcreci daha ba\u015flatmam\u0131\u015f olan di\u011fer ki\u015fileri te\u015fvik etmek i\u00e7in yeterli zaman sa\u011flad\u0131\u011f\u0131n\u0131 s\u00f6yleyemeyiz. Dolay\u0131s\u0131yla, yeni ba\u015fvuru ba\u015flatmak isteyenler endi\u015feyle Kongre'nin bundan sonraki ataca\u011f\u0131 ad\u0131mlar\u0131 \u00f6\u011frenmek i\u00e7in bekliyorlar.<\/p>\n<p>\u00d6n\u00fcm\u00fczdeki se\u00e7enekler \u015f\u00f6yle g\u00f6r\u00fcn\u00fcyor:<\/p>\n<ul>\n<li>Kongre, h\u00fck\u00fcmet \u00e7al\u0131\u015fmalar\u0131n\u0131n kapanmas\u0131n\u0131 \u00f6nlemek i\u00e7in tasar\u0131n\u0131n di\u011fer maddelerini incelerken, bekleme s\u00fcresini bir ka\u00e7 hafta daha uzatabilir. Asl\u0131nda, bu tasar\u0131n\u0131n g\u00f6\u00e7menlik yasas\u0131 reformu k\u0131sm\u0131nda EB-5 \u00e7ok k\u00fc\u00e7\u00fck bir yer al\u0131yor. EB-5'in gelece\u011finden ba\u015fka yasad\u0131\u015f\u0131 g\u00f6\u00e7menlere s\u0131\u011f\u0131nma alan\u0131 veren \u015fehirlerin fonlanmalar\u0131n\u0131n yasaklanmas\u0131, sosyal sa\u011fl\u0131k haklar\u0131, s\u0131n\u0131r g\u00fcvenli\u011fi, savunma harcamalar\u0131 ve yurtd\u0131\u015f\u0131nda yasayan di\u011fer milletlerin a\u00e7l\u0131k problemlerini \u00e7\u00f6z\u00fcmlemek i\u00e7in ayr\u0131lan ilave harcamalar gibi konular\u0131n da ak\u0131beti bu tasar\u0131n\u0131n i\u00e7inde yer al\u0131yor.<\/li>\n<li>Kesin karar Kongrenin yaz tatilinden geri d\u00f6n\u00fc\u015f\u00fcne denk gelen, eyl\u00fcl ay\u0131na kadar ertelenebilir.<\/li>\n<li>Mevcut yasan\u0131n reformunun bir par\u00e7as\u0131 olarak k\u0131rsal alanlardaki veya y\u00fcksek i\u015fsizlik b\u00f6lgelerindeki projelerin asgari yat\u0131r\u0131m miktar\u0131 800.000 dolara, hatta en a\u015f\u0131r\u0131 durumda 1,35 milyon dolara \u00e7\u0131kar\u0131labilir. Bu senaryoda, az i\u015fsizlik b\u00f6lgelerindeki geli\u015fmelere y\u00f6nelik asgari yat\u0131r\u0131m tutar\u0131 \u015fu an 1 milyon dolarda olmas\u0131na ra\u011fmen 1,8 milyon dolara art\u0131r\u0131labilir.<\/li>\n<\/ul>\n<p>EB-5 ile ilgili en son haberler hakk\u0131nda daha fazla bilgi i\u00e7in bizi + 1 917 355 9251 numaral\u0131 telefondan direk veya WhatsApp \u00fczerinden arayabilirsiniz. Arzu ederseniz, info@americaeb5visa.com adresinden bize e-posta g\u00f6nderebilirsiniz. T\u00fcrkiye\u2019de bize (0535) 894 65 31 numaras\u0131 \u00fczerinden ula\u015fabilirsiniz.<\/p>\n<p>americaeb5visa taraf\u0131ndan 30 Nisan 2017\u2019de g\u00f6nderildi.<\/p>\n<\/div>\n<\/div><\/div><\/div><\/div><div id=\"pg-380-2\"  class=\"panel-grid panel-no-style\" ><div id=\"pgc-380-2-0\"  class=\"panel-grid-cell\" ><div id=\"panel-380-2-0-0\" class=\"so-panel widget widget_sow-button panel-first-child panel-last-child\" data-index=\"2\" ><div class=\"panel-widget-style panel-widget-style-for-380-2-0-0\" ><div\n\t\t\t\n\t\t\tclass=\"so-widget-sow-button so-widget-sow-button-atom-f54c0409268f-380\"\n\t\t\t\n\t\t><div class=\"ow-button-base ow-button-align-center\"\n>\n\t\t\t<a\n\t\t\t\t\thref=\"http:\/\/www.americaeb5visa.com\/tr\/haberler\/\"\n\t\t\t\t\tclass=\"sowb-button ow-icon-placement-left ow-button-hover\" \t>\n\t\t<span>\n\t\t\t\n\t\t\tHaberlere geri d\u00f6n\t\t<\/span>\n\t\t\t<\/a>\n\t<\/div>\n<\/div><\/div><\/div><\/div><\/div><\/div>","protected":false},"excerpt":{"rendered":"<p>Biliyor muydunuz?28 Nisan 2017&#8217;de ABD Kongresi, Federal h\u00fck\u00fcmetin b\u00fct\u00e7esini kar\u015f\u0131layabilmesi i\u00e7in, halen mevcut kanunun 5 May\u0131s&#8217;a kadar hi\u00e7 bir de\u011fi\u015fiklik yapmadan devam etmesi karar\u0131n\u0131 onaylad\u0131. Bu karar, ayn\u0131 zamanda 28 Nisan&#8217;a kadar nihayetlendirilmesini bekledi\u011fimiz EB-5 program\u0131n\u0131 da etkilerken, program\u0131n gelece\u011fi konusundaki m\u00fczakerelerin bir hafta daha uzat\u0131lmas\u0131 anlam\u0131na da geliyor. Tebli\u011fin, I-526 ba\u015fvurular\u0131 gecikmi\u015f yat\u0131r\u0131mc\u0131lara zaman<a class=\"moretag\" href=\"https:\/\/www.americaeb5visa.com\/tr\/blog\/2017\/04\/30\/bu-karar-bir-endise-mi-ya-da-rahatlama-mi-yaratacak\/\"><span class=\"screen-reader-text\">Hakk\u0131nda daha fazlas\u0131n\u0131 oku Bu karar bir endi\u015fe mi ya da rahatlama m\u0131 yaratacak?<\/span>[&#8230;]<\/a><\/p>\n","protected":false},"author":1,"featured_media":382,"comment_status":"closed","ping_status":"closed","sticky":false,"template":"","format":"standard","meta":{"_acf_changed":false,"_monsterinsights_skip_tracking":false,"_monsterinsights_sitenote_active":false,"_monsterinsights_sitenote_note":"","_monsterinsights_sitenote_category":0,"footnotes":""},"categories":[1],"tags":[],"class_list":["post-380","post","type-post","status-publish","format-standard","has-post-thumbnail","hentry","category-uncategorized"],"acf":[],"rttpg_featured_image_url":{"full":["https:\/\/www.americaeb5visa.com\/tr\/wp-content\/uploads\/sites\/6\/2017\/08\/Adam-Miller-photos-for-EB5-site-3.jpg",1280,1181,false],"landscape":["https:\/\/www.americaeb5visa.com\/tr\/wp-content\/uploads\/sites\/6\/2017\/08\/Adam-Miller-photos-for-EB5-site-3.jpg",1280,1181,false],"portraits":["https:\/\/www.americaeb5visa.com\/tr\/wp-content\/uploads\/sites\/6\/2017\/08\/Adam-Miller-photos-for-EB5-site-3.jpg",1280,1181,false],"thumbnail":["https:\/\/www.americaeb5visa.com\/tr\/wp-content\/uploads\/sites\/6\/2017\/08\/Adam-Miller-photos-for-EB5-site-3-150x150.jpg",150,150,true],"medium":["https:\/\/www.americaeb5visa.com\/tr\/wp-content\/uploads\/sites\/6\/2017\/08\/Adam-Miller-photos-for-EB5-site-3-300x277.jpg",300,277,true],"large":["https:\/\/www.americaeb5visa.com\/tr\/wp-content\/uploads\/sites\/6\/2017\/08\/Adam-Miller-photos-for-EB5-site-3-1024x945.jpg",730,674,true],"timeline-express":["https:\/\/www.americaeb5visa.com\/tr\/wp-content\/uploads\/sites\/6\/2017\/08\/Adam-Miller-photos-for-EB5-site-3-350x120.jpg",350,120,true],"timeline-express-thumbnail":["https:\/\/www.americaeb5visa.com\/tr\/wp-content\/uploads\/sites\/6\/2017\/08\/Adam-Miller-photos-for-EB5-site-3-200x120.jpg",200,120,true],"1536x1536":["https:\/\/www.americaeb5visa.com\/tr\/wp-content\/uploads\/sites\/6\/2017\/08\/Adam-Miller-photos-for-EB5-site-3.jpg",1280,1181,false],"2048x2048":["https:\/\/www.americaeb5visa.com\/tr\/wp-content\/uploads\/sites\/6\/2017\/08\/Adam-Miller-photos-for-EB5-site-3.jpg",1280,1181,false],"llorix-one-lite-post-thumbnail-big":["https:\/\/www.americaeb5visa.com\/tr\/wp-content\/uploads\/sites\/6\/2017\/08\/Adam-Miller-photos-for-EB5-site-3-730x340.jpg",730,340,true],"llorix-one-lite-post-thumbnail-mobile":["https:\/\/www.americaeb5visa.com\/tr\/wp-content\/uploads\/sites\/6\/2017\/08\/Adam-Miller-photos-for-EB5-site-3-500x233.jpg",500,233,true],"llorix-one-lite-post-thumbnail-latest-news":["https:\/\/www.americaeb5visa.com\/tr\/wp-content\/uploads\/sites\/6\/2017\/08\/Adam-Miller-photos-for-EB5-site-3-150x150.jpg",150,150,true],"menu-24x24":["https:\/\/www.americaeb5visa.com\/tr\/wp-content\/uploads\/sites\/6\/2017\/08\/Adam-Miller-photos-for-EB5-site-3-24x22.jpg",24,22,true],"menu-36x36":["https:\/\/www.americaeb5visa.com\/tr\/wp-content\/uploads\/sites\/6\/2017\/08\/Adam-Miller-photos-for-EB5-site-3-36x33.jpg",36,33,true],"menu-48x48":["https:\/\/www.americaeb5visa.com\/tr\/wp-content\/uploads\/sites\/6\/2017\/08\/Adam-Miller-photos-for-EB5-site-3-48x44.jpg",48,44,true],"sow-carousel-default":["https:\/\/www.americaeb5visa.com\/tr\/wp-content\/uploads\/sites\/6\/2017\/08\/Adam-Miller-photos-for-EB5-site-3-272x182.jpg",272,182,true]},"rttpg_author":{"display_name":"AdminNIso","author_link":"https:\/\/www.americaeb5visa.com\/tr\/blog\/author\/admin\/"},"rttpg_comment":0,"rttpg_category":"<a href=\"https:\/\/www.americaeb5visa.com\/tr\/blog\/category\/uncategorized\/\" rel=\"category tag\">Uncategorized<\/a>","rttpg_excerpt":"Biliyor muydunuz?28 Nisan 2017'de ABD Kongresi, Federal h\u00fck\u00fcmetin b\u00fct\u00e7esini kar\u015f\u0131layabilmesi i\u00e7in, halen mevcut kanunun 5 May\u0131s'a kadar hi\u00e7 bir de\u011fi\u015fiklik yapmadan devam etmesi karar\u0131n\u0131 onaylad\u0131. Bu karar, ayn\u0131 zamanda 28 Nisan'a kadar nihayetlendirilmesini bekledi\u011fimiz EB-5 program\u0131n\u0131 da etkilerken, program\u0131n gelece\u011fi konusundaki m\u00fczakerelerin bir hafta daha uzat\u0131lmas\u0131 anlam\u0131na da geliyor. Tebli\u011fin, I-526 ba\u015fvurular\u0131 gecikmi\u015f yat\u0131r\u0131mc\u0131lara zamanHakk\u0131nda&hellip;","_links":{"self":[{"href":"https:\/\/www.americaeb5visa.com\/tr\/wp-json\/wp\/v2\/posts\/380","targetHints":{"allow":["GET"]}}],"collection":[{"href":"https:\/\/www.americaeb5visa.com\/tr\/wp-json\/wp\/v2\/posts"}],"about":[{"href":"https:\/\/www.americaeb5visa.com\/tr\/wp-json\/wp\/v2\/types\/post"}],"author":[{"embeddable":true,"href":"https:\/\/www.americaeb5visa.com\/tr\/wp-json\/wp\/v2\/users\/1"}],"replies":[{"embeddable":true,"href":"https:\/\/www.americaeb5visa.com\/tr\/wp-json\/wp\/v2\/comments?post=380"}],"version-history":[{"count":0,"href":"https:\/\/www.americaeb5visa.com\/tr\/wp-json\/wp\/v2\/posts\/380\/revisions"}],"wp:featuredmedia":[{"embeddable":true,"href":"https:\/\/www.americaeb5visa.com\/tr\/wp-json\/wp\/v2\/media\/382"}],"wp:attachment":[{"href":"https:\/\/www.americaeb5visa.com\/tr\/wp-json\/wp\/v2\/media?parent=380"}],"wp:term":[{"taxonomy":"category","embeddable":true,"href":"https:\/\/www.americaeb5visa.com\/tr\/wp-json\/wp\/v2\/categories?post=380"},{"taxonomy":"post_tag","embeddable":true,"href":"https:\/\/www.americaeb5visa.com\/tr\/wp-json\/wp\/v2\/tags?post=380"}],"curies":[{"name":"wp","href":"https:\/\/api.w.org\/{rel}","templated":true}]}}