{"id":389,"date":"2017-09-12T19:58:16","date_gmt":"2017-09-13T00:58:16","guid":{"rendered":"http:\/\/www.americaeb5visa.com\/tr\/?p=389"},"modified":"2017-09-12T20:01:18","modified_gmt":"2017-09-13T01:01:18","slug":"abd-kongresi-su-anda-yururlukte-olan-eb5-yasasini-8-aralik-2017ye-kadar-herhangi-bir-degisiklik-yapmadan-uzatilmasina-karar-verdi","status":"publish","type":"post","link":"https:\/\/www.americaeb5visa.com\/tr\/blog\/2017\/09\/12\/abd-kongresi-su-anda-yururlukte-olan-eb5-yasasini-8-aralik-2017ye-kadar-herhangi-bir-degisiklik-yapmadan-uzatilmasina-karar-verdi\/","title":{"rendered":"ABD Kongresi, \u015fu anda y\u00fcr\u00fcrl\u00fckte olan EB5 yasas\u0131n\u0131, 8 Aral\u0131k 2017&#8217;ye kadar herhangi bir de\u011fi\u015fiklik yapmadan uzat\u0131lmas\u0131na karar verdi!"},"content":{"rendered":"<div id=\"pl-389\"  class=\"panel-layout\" ><div id=\"pg-389-0\"  class=\"panel-grid panel-has-style\" ><div class=\"siteorigin-panels-stretch panel-row-style panel-row-style-for-389-0\" data-stretch-type=\"full-stretched\" ><div id=\"pgc-389-0-0\"  class=\"panel-grid-cell\" ><div id=\"panel-389-0-0-0\" class=\"so-panel widget widget_sow-hero panel-first-child panel-last-child\" data-index=\"0\" ><div\n\t\t\t\n\t\t\tclass=\"so-widget-sow-hero so-widget-sow-hero-default-89b41ad833c8-389 so-widget-fittext-wrapper\"\n\t\t\t data-fit-text-compressor=\"0.85\"\n\t\t>\t\t\t\t<div class=\"sow-slider-base\" style=\"display: none\" tabindex=\"0\">\n\t\t\t\t\t<ul\n\t\t\t\t\tclass=\"sow-slider-images\"\n\t\t\t\t\tdata-settings=\"{&quot;pagination&quot;:true,&quot;speed&quot;:800,&quot;timeout&quot;:8000,&quot;paused&quot;:false,&quot;pause_on_hover&quot;:false,&quot;swipe&quot;:true,&quot;nav_always_show_desktop&quot;:&quot;&quot;,&quot;nav_always_show_mobile&quot;:&quot;&quot;,&quot;breakpoint&quot;:&quot;780px&quot;,&quot;unmute&quot;:false,&quot;anchor&quot;:null}\"\n\t\t\t\t\tstyle=\"min-height: 500px\"\t\t\t\t\tdata-anchor-id=\"\"\n\t\t\t\t>\t\t<li class=\"sow-slider-image  sow-slider-image-cover\" style=\"visibility: visible;;background-color: #333333;background-image: url(https:\/\/www.americaeb5visa.com\/tr\/wp-content\/uploads\/sites\/6\/2017\/04\/RibbonAdobeStock_72339142.jpg)\" >\n\t\t\t\t\t<div class=\"sow-slider-image-container\">\n\t\t\t<div class=\"sow-slider-image-wrapper\">\n\t\t\t\t<h1 style=\"text-align: center\"><strong>ABD Kongresi, \u015fu anda y\u00fcr\u00fcrl\u00fckte olan EB5 yasas\u0131n\u0131, 8 Aral\u0131k 2017'ye kadar herhangi bir de\u011fi\u015fiklik yapmadan uzat\u0131lmas\u0131na karar verdi!<\/strong><\/h1>\t\t\t<\/div>\n\t\t<\/div>\n\t\t\t\t<\/li>\n\t\t<\/ul>\t\t\t\t<ol class=\"sow-slider-pagination\">\n\t\t\t\t\t\t\t\t\t\t\t<li><a href=\"#\" data-goto=\"0\" aria-label=\"Display slide 1\"><\/a><\/li>\n\t\t\t\t\t\t\t\t\t<\/ol>\n\n\t\t\t\t<div class=\"sow-slide-nav sow-slide-nav-next\">\n\t\t\t\t\t<a href=\"#\" data-goto=\"next\" aria-label=\"Next slide\" data-action=\"next\">\n\t\t\t\t\t\t<em class=\"sow-sld-icon-thin-right\"><\/em>\n\t\t\t\t\t<\/a>\n\t\t\t\t<\/div>\n\n\t\t\t\t<div class=\"sow-slide-nav sow-slide-nav-prev\">\n\t\t\t\t\t<a href=\"#\" data-goto=\"previous\" aria-label=\"Previous slide\" data-action=\"prev\">\n\t\t\t\t\t\t<em class=\"sow-sld-icon-thin-left\"><\/em>\n\t\t\t\t\t<\/a>\n\t\t\t\t<\/div>\n\t\t\t\t<\/div><\/div><\/div><\/div><\/div><\/div><div id=\"pg-389-1\"  class=\"panel-grid panel-no-style\" ><div id=\"pgc-389-1-0\"  class=\"panel-grid-cell\" ><div id=\"panel-389-1-0-0\" class=\"so-panel widget widget_sow-editor panel-first-child panel-last-child\" data-index=\"1\" ><div\n\t\t\t\n\t\t\tclass=\"so-widget-sow-editor so-widget-sow-editor-base\"\n\t\t\t\n\t\t>\n<div class=\"siteorigin-widget-tinymce textwidget\">\n\t<h2><strong>Biliyor muydunuz?<\/strong><\/h2>\n<h2>ABD Kongresi, \u015fu anda y\u00fcr\u00fcrl\u00fckte olan EB5 yasas\u0131n\u0131, 8 Aral\u0131k 2017'ye kadar herhangi bir de\u011fi\u015fiklik yapmadan uzat\u0131lmas\u0131na karar verdi!<\/h2>\n<p>8 A\u011fustos Cuma g\u00fcn\u00fc Ba\u015fkan Trump Federal h\u00fck\u00fcmete fon sa\u011flayacak ve EB-5 B\u00f6lge Merkezi Program\u0131n\u0131 8 Aral\u0131k'a kadar uzatacak 601 numaral\u0131 kararnameyi imzalad\u0131 ve Kongre de hi\u00e7 bir de\u011fi\u015fiklik yapmadan onaylad\u0131.<\/p>\n<p>Bir yandan, gerekli haz\u0131rl\u0131klar\u0131 yapmak i\u00e7in \u00fc\u00e7 ayl\u0131k bir s\u00fcre kazand\u0131klar\u0131ndan dolay\u0131 gayrimenkul geli\u015ftiricisi ve yat\u0131r\u0131mc\u0131 m\u00fc\u015fterilerimiz ad\u0131na, \u00e7ok mutlu ve rahatlam\u0131\u015f bulunuyoruz. \u00d6te yandan, EB-5'in yeniden d\u00fczenlenece\u011fi haberi 2015'ten beri g\u00fcndemde olup son kaderinin belirsizli\u011finin devam etmesi y\u00fcz\u00fcnden halen karars\u0131z kat\u0131l\u0131mc\u0131lar\u0131 kenarda tutmas\u0131 y\u00fcz\u00fcnden \u00fcz\u00fcl\u00fcyoruz.<\/p>\n<p>30 Eyl\u00fcl son teslim tarihini kar\u015f\u0131layamayan yat\u0131r\u0131mc\u0131lara, bu ivmeyi yava\u015flatmamalar\u0131 ve I-526 ba\u015fvurusunu haz\u0131rlamalar\u0131 i\u00e7in ne yapmalar\u0131 gerekiyorsa yapmalar\u0131n\u0131 \u00f6neririz. \u00c7\u00fcnk\u00fc bu uzatma muhtemelen son uzatma olacakt\u0131r. Tart\u0131\u015fman\u0131n her iki taraf\u0131ndaki topluluk, belirsizlikten a\u00e7\u0131k\u00e7a b\u0131km\u0131\u015f durumda ve Kongre liderlerinin 8 Aral\u0131k \u00f6ncesinde daimi bir yasal \u00e7\u00f6z\u00fcm bulmas\u0131n\u0131 diliyor.<\/p>\n<p>Mant\u0131kl\u0131 d\u00fc\u015f\u00fcnen hi\u00e7bir kimse bu program\u0131n y\u00fcr\u00fcrl\u00fckten kalkmas\u0131n\u0131 istemiyor. EB-5 program\u0131n\u0131n, bir\u00e7ok kesimde sa\u011flad\u0131\u011f\u0131 istihdam art\u0131\u015f\u0131 g\u00f6z \u00f6n\u00fcne al\u0131nd\u0131\u011f\u0131nda, ABD ekonomisi i\u00e7in ne kadar \u00f6nemli oldu\u011fu g\u00f6r\u00fclebilir. Bu nedenle, Kongre ve h\u00fck\u00fcmet, program\u0131n daimi bir yasalanma eylemiyle reforma tabi tutulmas\u0131 ve yeniden onaylanmas\u0131 i\u00e7in ortak bir zemin bulmay\u0131 ama\u00e7lamal\u0131d\u0131rlar. B\u00f6ylece, belirsizlik nedeniyle kenarda bekleyen proje geli\u015ftiricileri yeniden eyleme ge\u00e7eceklerdir. Riski ne kadar d\u00fc\u015f\u00fck olursa olsun, I-526 ba\u015fvurusunu yapt\u0131ktan sonra tekrar art\u0131 bir sermaye katk\u0131s\u0131 talebine maruz kalmaktan korkan yat\u0131r\u0131mc\u0131lar da rahat edecektir.<\/p>\n<p>K\u0131sacas\u0131, biz America EB5 Visa olarak, 8 Aral\u0131k tarihine kadar program\u0131n uygulanabilirli\u011fini tehlikeye sokmayacak kesin bir karar al\u0131nmas\u0131n\u0131 destekliyoruz. Hedeflenen \u0130stihdam Alan\u0131 (HIF) yeni tan\u0131m\u0131, asgari yat\u0131r\u0131m miktarlar\u0131n\u0131n kesinle\u015fmesi ve fonlar\u0131n yeniden da\u011f\u0131l\u0131m\u0131 konusunun a\u00e7\u0131klanmas\u0131n\u0131 bekliyoruz.<\/p>\n<p>EB-5 ile ilgili en son haberler hakk\u0131nda daha fazla bilgi i\u00e7in bizi <a href=\"tel:+ 1 917 355 9251\">+ 1 917 355 9251<\/a> numaral\u0131 telefondan direk veya WhatsApp \u00fczerinden arayabilirsiniz. Arzu ederseniz, <a href=\"mailto:info@americaeb5visa.com\">info@americaeb5visa.com<\/a> adresinden bize e-posta g\u00f6nderebilirsiniz. T\u00fcrkiye\u2019de bize <a href=\"http:\/\/Tel:+905363383968\" data-wplink-url-error=\"true\">0535 894 65 31<\/a> numaras\u0131 \u00fczerinden ula\u015fabilirsiniz.<\/p>\n<p><em>americaeb5visa taraf\u0131ndan 12 Eyl\u00fcl 2017'de g\u00f6nderildi.<\/em><\/p>\n<\/div>\n<\/div><\/div><\/div><\/div><div id=\"pg-389-2\"  class=\"panel-grid panel-no-style\" ><div id=\"pgc-389-2-0\"  class=\"panel-grid-cell\" ><div id=\"panel-389-2-0-0\" class=\"so-panel widget widget_sow-button panel-first-child panel-last-child\" data-index=\"2\" ><div class=\"panel-widget-style panel-widget-style-for-389-2-0-0\" ><div\n\t\t\t\n\t\t\tclass=\"so-widget-sow-button so-widget-sow-button-atom-f54c0409268f-389\"\n\t\t\t\n\t\t><div class=\"ow-button-base ow-button-align-center\"\n>\n\t\t\t<a\n\t\t\t\t\thref=\"http:\/\/www.americaeb5visa.com\/tr\/haberler\/\"\n\t\t\t\t\tclass=\"sowb-button ow-icon-placement-left ow-button-hover\" \t>\n\t\t<span>\n\t\t\t\n\t\t\tHaberlere geri d\u00f6n\t\t<\/span>\n\t\t\t<\/a>\n\t<\/div>\n<\/div><\/div><\/div><\/div><\/div><\/div>","protected":false},"excerpt":{"rendered":"<p>Biliyor muydunuz? ABD Kongresi, \u015fu anda y\u00fcr\u00fcrl\u00fckte olan EB5 yasas\u0131n\u0131, 8 Aral\u0131k 2017&#8217;ye kadar herhangi bir de\u011fi\u015fiklik yapmadan uzat\u0131lmas\u0131na karar verdi! 8 A\u011fustos Cuma g\u00fcn\u00fc Ba\u015fkan Trump Federal h\u00fck\u00fcmete fon sa\u011flayacak ve EB-5 B\u00f6lge Merkezi Program\u0131n\u0131 8 Aral\u0131k&#8217;a kadar uzatacak 601 numaral\u0131 kararnameyi imzalad\u0131 ve Kongre de hi\u00e7 bir de\u011fi\u015fiklik yapmadan onaylad\u0131. Bir yandan, gerekli<a class=\"moretag\" href=\"https:\/\/www.americaeb5visa.com\/tr\/blog\/2017\/09\/12\/abd-kongresi-su-anda-yururlukte-olan-eb5-yasasini-8-aralik-2017ye-kadar-herhangi-bir-degisiklik-yapmadan-uzatilmasina-karar-verdi\/\"><span class=\"screen-reader-text\">Hakk\u0131nda daha fazlas\u0131n\u0131 oku ABD Kongresi, \u015fu anda y\u00fcr\u00fcrl\u00fckte olan EB5 yasas\u0131n\u0131, 8 Aral\u0131k 2017&#8217;ye kadar herhangi bir de\u011fi\u015fiklik yapmadan uzat\u0131lmas\u0131na karar verdi!<\/span>[&#8230;]<\/a><\/p>\n","protected":false},"author":1,"featured_media":349,"comment_status":"closed","ping_status":"closed","sticky":false,"template":"","format":"standard","meta":{"_acf_changed":false,"_monsterinsights_skip_tracking":false,"_monsterinsights_sitenote_active":false,"_monsterinsights_sitenote_note":"","_monsterinsights_sitenote_category":0,"footnotes":""},"categories":[1],"tags":[],"class_list":["post-389","post","type-post","status-publish","format-standard","has-post-thumbnail","hentry","category-uncategorized"],"acf":[],"rttpg_featured_image_url":{"full":["https:\/\/www.americaeb5visa.com\/tr\/wp-content\/uploads\/sites\/6\/2017\/04\/RibbonAdobeStock_72339142.jpg",1338,855,false],"landscape":["https:\/\/www.americaeb5visa.com\/tr\/wp-content\/uploads\/sites\/6\/2017\/04\/RibbonAdobeStock_72339142.jpg",1338,855,false],"portraits":["https:\/\/www.americaeb5visa.com\/tr\/wp-content\/uploads\/sites\/6\/2017\/04\/RibbonAdobeStock_72339142.jpg",1338,855,false],"thumbnail":["https:\/\/www.americaeb5visa.com\/tr\/wp-content\/uploads\/sites\/6\/2017\/04\/RibbonAdobeStock_72339142-150x150.jpg",150,150,true],"medium":["https:\/\/www.americaeb5visa.com\/tr\/wp-content\/uploads\/sites\/6\/2017\/04\/RibbonAdobeStock_72339142-300x192.jpg",300,192,true],"large":["https:\/\/www.americaeb5visa.com\/tr\/wp-content\/uploads\/sites\/6\/2017\/04\/RibbonAdobeStock_72339142-1024x654.jpg",730,466,true],"timeline-express":["https:\/\/www.americaeb5visa.com\/tr\/wp-content\/uploads\/sites\/6\/2017\/04\/RibbonAdobeStock_72339142-350x120.jpg",350,120,true],"timeline-express-thumbnail":["https:\/\/www.americaeb5visa.com\/tr\/wp-content\/uploads\/sites\/6\/2017\/04\/RibbonAdobeStock_72339142-200x120.jpg",200,120,true],"1536x1536":["https:\/\/www.americaeb5visa.com\/tr\/wp-content\/uploads\/sites\/6\/2017\/04\/RibbonAdobeStock_72339142.jpg",1338,855,false],"2048x2048":["https:\/\/www.americaeb5visa.com\/tr\/wp-content\/uploads\/sites\/6\/2017\/04\/RibbonAdobeStock_72339142.jpg",1338,855,false],"llorix-one-lite-post-thumbnail-big":["https:\/\/www.americaeb5visa.com\/tr\/wp-content\/uploads\/sites\/6\/2017\/04\/RibbonAdobeStock_72339142-730x340.jpg",730,340,true],"llorix-one-lite-post-thumbnail-mobile":["https:\/\/www.americaeb5visa.com\/tr\/wp-content\/uploads\/sites\/6\/2017\/04\/RibbonAdobeStock_72339142-500x233.jpg",500,233,true],"llorix-one-lite-post-thumbnail-latest-news":["https:\/\/www.americaeb5visa.com\/tr\/wp-content\/uploads\/sites\/6\/2017\/04\/RibbonAdobeStock_72339142-150x150.jpg",150,150,true],"menu-24x24":["https:\/\/www.americaeb5visa.com\/tr\/wp-content\/uploads\/sites\/6\/2017\/04\/RibbonAdobeStock_72339142-24x15.jpg",24,15,true],"menu-36x36":["https:\/\/www.americaeb5visa.com\/tr\/wp-content\/uploads\/sites\/6\/2017\/04\/RibbonAdobeStock_72339142-36x23.jpg",36,23,true],"menu-48x48":["https:\/\/www.americaeb5visa.com\/tr\/wp-content\/uploads\/sites\/6\/2017\/04\/RibbonAdobeStock_72339142-48x31.jpg",48,31,true],"sow-carousel-default":["https:\/\/www.americaeb5visa.com\/tr\/wp-content\/uploads\/sites\/6\/2017\/04\/RibbonAdobeStock_72339142-272x182.jpg",272,182,true]},"rttpg_author":{"display_name":"AdminNIso","author_link":"https:\/\/www.americaeb5visa.com\/tr\/blog\/author\/admin\/"},"rttpg_comment":0,"rttpg_category":"<a href=\"https:\/\/www.americaeb5visa.com\/tr\/blog\/category\/uncategorized\/\" rel=\"category tag\">Uncategorized<\/a>","rttpg_excerpt":"Biliyor muydunuz? ABD Kongresi, \u015fu anda y\u00fcr\u00fcrl\u00fckte olan EB5 yasas\u0131n\u0131, 8 Aral\u0131k 2017'ye kadar herhangi bir de\u011fi\u015fiklik yapmadan uzat\u0131lmas\u0131na karar verdi! 8 A\u011fustos Cuma g\u00fcn\u00fc Ba\u015fkan Trump Federal h\u00fck\u00fcmete fon sa\u011flayacak ve EB-5 B\u00f6lge Merkezi Program\u0131n\u0131 8 Aral\u0131k'a kadar uzatacak 601 numaral\u0131 kararnameyi imzalad\u0131 ve Kongre de hi\u00e7 bir de\u011fi\u015fiklik yapmadan onaylad\u0131. Bir yandan, gerekliHakk\u0131nda&hellip;","_links":{"self":[{"href":"https:\/\/www.americaeb5visa.com\/tr\/wp-json\/wp\/v2\/posts\/389","targetHints":{"allow":["GET"]}}],"collection":[{"href":"https:\/\/www.americaeb5visa.com\/tr\/wp-json\/wp\/v2\/posts"}],"about":[{"href":"https:\/\/www.americaeb5visa.com\/tr\/wp-json\/wp\/v2\/types\/post"}],"author":[{"embeddable":true,"href":"https:\/\/www.americaeb5visa.com\/tr\/wp-json\/wp\/v2\/users\/1"}],"replies":[{"embeddable":true,"href":"https:\/\/www.americaeb5visa.com\/tr\/wp-json\/wp\/v2\/comments?post=389"}],"version-history":[{"count":0,"href":"https:\/\/www.americaeb5visa.com\/tr\/wp-json\/wp\/v2\/posts\/389\/revisions"}],"wp:featuredmedia":[{"embeddable":true,"href":"https:\/\/www.americaeb5visa.com\/tr\/wp-json\/wp\/v2\/media\/349"}],"wp:attachment":[{"href":"https:\/\/www.americaeb5visa.com\/tr\/wp-json\/wp\/v2\/media?parent=389"}],"wp:term":[{"taxonomy":"category","embeddable":true,"href":"https:\/\/www.americaeb5visa.com\/tr\/wp-json\/wp\/v2\/categories?post=389"},{"taxonomy":"post_tag","embeddable":true,"href":"https:\/\/www.americaeb5visa.com\/tr\/wp-json\/wp\/v2\/tags?post=389"}],"curies":[{"name":"wp","href":"https:\/\/api.w.org\/{rel}","templated":true}]}}