{"id":563,"date":"2021-07-26T20:10:58","date_gmt":"2021-07-27T01:10:58","guid":{"rendered":"https:\/\/www.americaeb5visa.com\/tr\/?p=563"},"modified":"2025-09-16T07:39:22","modified_gmt":"2025-09-16T12:39:22","slug":"hurriyet-gazetesi-muhabirlerinden-kubra-genc-kalabalik-ile-eb-5-uzerinde-soylesi","status":"publish","type":"post","link":"https:\/\/www.americaeb5visa.com\/tr\/blog\/2021\/07\/26\/hurriyet-gazetesi-muhabirlerinden-kubra-genc-kalabalik-ile-eb-5-uzerinde-soylesi\/","title":{"rendered":"H\u00fcrriyet Gazetesi muhabirlerinden, K\u00fcbra Gen\u00e7 Kalabal\u0131k ile EB-5 \u00fczerinde s\u00f6yle\u015fi"},"content":{"rendered":"<div id=\"pl-563\"  class=\"panel-layout\" ><div id=\"pg-563-0\"  class=\"panel-grid panel-no-style\" ><div id=\"pgc-563-0-0\"  class=\"panel-grid-cell\" ><div id=\"panel-563-0-0-0\" class=\"so-panel widget widget_sow-editor panel-first-child panel-last-child\" data-index=\"0\" ><div\n\t\t\t\n\t\t\tclass=\"so-widget-sow-editor so-widget-sow-editor-base\"\n\t\t\t\n\t\t>\n<div class=\"siteorigin-widget-tinymce textwidget\">\n\t<p style=\"text-align: center;\"><span style=\"color: #000000;\"><div class=\"epyt-video-wrapper\"><iframe  style=\"display: block; margin: 0px auto;\"  id=\"_ytid_16786\"  width=\"730\" height=\"411\"  data-origwidth=\"730\" data-origheight=\"411\" src=\"https:\/\/www.youtube.com\/embed\/EGJax_FU0fw?enablejsapi=1&autoplay=0&cc_load_policy=0&cc_lang_pref=&iv_load_policy=1&loop=0&rel=1&fs=1&playsinline=0&autohide=2&theme=dark&color=red&controls=1&disablekb=0&\" class=\"__youtube_prefs__  no-lazyload\" title=\"YouTube player\"  allow=\"fullscreen; accelerometer; autoplay; clipboard-write; encrypted-media; gyroscope; picture-in-picture; web-share\" referrerpolicy=\"strict-origin-when-cross-origin\" allowfullscreen data-no-lazy=\"1\" data-skipgform_ajax_framebjll=\"\"><\/iframe><\/div><\/span><\/p>\n<h1><\/h1>\n<h1 style=\"text-align: center;\"><span style=\"color: #000000;\"><b>H\u00fcrriyet Gazetesi muhabirlerinden, K\u00fcbra Gen\u00e7 Kalabal\u0131k ile EB-5 \u00fczerinde s\u00f6yle\u015fi \u2013 9 Mart 2021\u00a0<\/b><\/span><\/h1>\n<p>Amerika Birle\u015fik Devletleri'nin yeni Ba\u015fkan\u0131n\u0131n g\u00f6reve ba\u015flamas\u0131ndan 50 g\u00fcn sonra New York merkezli Amerika EB5 Visa'n\u0131n Kurucu Orta\u011f\u0131, Say\u0131n Marko Issever ile g\u00f6r\u00fc\u015ft\u00fck. Yeni Ba\u015fkan Joe Biden\u2019in g\u00f6reve atanmas\u0131na ili\u015fkin g\u00f6r\u00fc\u015flerini \u00f6\u011frenmek istedik.<\/p>\n<p><span style=\"font-weight: 400; color: #000000;\">Olas\u0131 yeni politikalar\u0131n ABD\u2019ye g\u00f6\u00e7men kabul\u00fc \u00fczerindeki spesifik etkilerine ge\u00e7meden \u00f6nce Say\u0131n \u0130\u015fsever\u00a0 \u00fclkenin kutupla\u015fmas\u0131 konusundaki endi\u015felerini \u015f\u00f6yle dile getirdi. \u201c\u00dclkenin her vatanda\u015f\u0131n\u0131n destekledi\u011fi\u00a0 ideolojiler a\u00e7\u0131s\u0131ndan b\u00f6l\u00fcnmesinden dolay\u0131 hayal k\u0131r\u0131kl\u0131\u011f\u0131na u\u011frad\u0131\u011f\u0131n\u0131 belirtti. \u0130ktidar partisi lehinde\u00a0 olanlar, muhalefet partisi temsilcilerinin g\u00f6r\u00fc\u015flerini dinlemekle ilgilenmeyip, do\u011fru olabilecek hi\u00e7bir \u015fey\u00a0 s\u00f6yleyemeyeceklerine inan\u0131yorlar. Herhangi bir analiz yapmadan, iktidar partisi temsilcilerinin yanl\u0131\u015f bir\u00a0 \u015fey s\u00f6yleyemeyece\u011fi sonucuna var\u0131yorlar. \u00d6te yandan muhalefet partisi lehinde olanlar, tam tersine,\u00a0 iktidar partisi temsilcilerinin do\u011fru olabilecek hi\u00e7bir \u015fey s\u00f6yleyemeyeceklerine, muhalefet partisi\u00a0 temsilcilerinin de yanl\u0131\u015f bir \u015fey s\u00f6yleyemeyeceklerine inan\u0131yorlar. Bu grup da iktidar partisi\u00a0 temsilcilerinin g\u00f6r\u00fc\u015flerini dinlemeden, hi\u00e7 bir analiz yapmadan ilerliyorlar.\u201d ABD\u2019ye yerle\u015fti\u011fi Ba\u015fkan\u00a0 Reagan d\u00f6nemine rastlayan y\u0131llarda iki rakip partinin politikalar\u0131ndaki farkl\u0131l\u0131\u011f\u0131 ay\u0131rt etmekte g\u00fc\u00e7l\u00fck\u00a0 \u00e7ekerken bug\u00fcnk\u00fc a\u015f\u0131r\u0131 kutupla\u015fmay\u0131 ziyadesiyle yad\u0131rgad\u0131\u011f\u0131n\u0131, eski uyumlu zamanlar\u0131 \u00f6zledi\u011fini ve yeni\u00a0 y\u00f6netimle bu mevcut durumun sonlanaca\u011f\u0131n\u0131 umdu\u011funu ekledi.\u00a0<\/span><\/p>\n<p><span style=\"font-weight: 400; color: #000000;\">Daha sonra yeni y\u00f6netimden beklenen g\u00f6\u00e7menlik politikalar\u0131 \u00fczerine konu\u015ftuk. \u0130\u015fsever, iktidardaki Biden y\u00f6netiminin bir \u00f6nceki Trump y\u00f6netimine k\u0131yasla daha g\u00f6\u00e7menlik yanl\u0131s\u0131 bir politika uygulamay\u0131\u00a0 planlad\u0131\u011f\u0131n\u0131 m\u00fcjdeledi. \u0130\u015fsever\u2019in dedi\u011fine g\u00f6re Biden, istihdam ve yat\u0131r\u0131ma dayal\u0131 g\u00f6\u00e7menlik\u00a0 kategorilerindeki geciktirilmi\u015f i\u015flemleri bir an evvel sonu\u00e7land\u0131rmak i\u00e7in hummal\u0131 bir bi\u00e7imde \u00e7al\u0131\u015f\u0131yor.\u00a0 \u00d6rne\u011fin, EB-5 kategorisinde \u00fclke kotalar\u0131 nedeniyle \u00c7in'de do\u011fmu\u015f ba\u015fvuru sahipleri \u015fu anda ye\u015fil kart\u00a0 alabilmek i\u00e7in 15 y\u0131ldan fazla beklerlerken Biden, \u00fclke ba\u015f\u0131na olan kotalar\u0131 kald\u0131rmay\u0131 planl\u0131yor ve\u00a0 g\u00f6\u00e7menlik makamlar\u0131ndan yaln\u0131zca ba\u015fvuru tarihine \u00f6ncelik veren \u201cilk giren ilk \u00e7\u0131kar\u201d prensibini benimsemelerini istiyor. EB-2 ve EB-3 gibi di\u011fer istihdam temelli g\u00f6\u00e7menlik kategorileri arac\u0131l\u0131\u011f\u0131yla ye\u015fil\u00a0 kart almay\u0131 bekleyen Hintlilerin de bu g\u00f6\u00e7menlik taraftar\u0131 politikadan yararlanmas\u0131 bekleniyor. EB-5\u00a0 kategorisinde ise Biden, USCIS olarak bilinen ABD Vatanda\u015fl\u0131k ve G\u00f6\u00e7menlik Servisi\u2019nin (ABDVGS) bug\u00fcne\u00a0 kadar 10.000 vize olarak uygulad\u0131\u011f\u0131 kotay\u0131, 10.000 ba\u015fvuru olarak yeniden yorumlamay\u0131 planl\u0131yor. Bunu\u00a0 ba\u015far\u0131rsa ek ba\u015fvuru sahipleri art\u0131k globalde 10.000 ki\u015fi kotas\u0131na d\u00e2hil olmayacaklar\u0131ndan, bu\u00a0 kategorideki t\u00fcm mevcut vizelerin \u00fc\u00e7 ila d\u00f6rt kat artmas\u0131 bekleniyor. \u0130\u015fsever, bu radikal kararlar\u0131n\u00a0 onaylanma olas\u0131l\u0131\u011f\u0131n\u0131n olduk\u00e7a y\u00fcksek oldu\u011funa inan\u0131yor \u00e7\u00fcnk\u00fc Ba\u015fkan Biden\u2019in Demokrat Partisi hem\u00a0 Kongrede, hem de Senatoda \u00e7o\u011funlu\u011fu elinde tutuyor.\u00a0<\/span><\/p>\n<p><span style=\"font-weight: 400; color: #000000;\">Ayr\u0131ca genel olarak bu yeni serbest ve \u0131l\u0131ml\u0131 g\u00f6\u00e7 politikalar\u0131n\u0131n EB-5 \u00fczerindeki etkisini de bilmek istedik.\u00a0 Say\u0131n \u0130\u015fsever, daha uygun maliyetli ve h\u0131zl\u0131 y\u00f6ntemlerle ye\u015fil kart alman\u0131n ciddi bir \u015fekilde kolayla\u015fmas\u0131\u00a0 halinde, do\u011fal olarak EB-5 talebinde genel bir yava\u015flama tahmin etti\u011fini s\u00f6yledi. Bununla birlikte, \u00f6nceki\u00a0 Trump Y\u00f6netimi s\u00fcresinde vize i\u015flem s\u00fcrelerinin \u00e7ok uzad\u0131\u011f\u0131n\u0131 ve vize ret say\u0131lar\u0131n\u0131n ge\u00e7en d\u00f6nemde\u00a0 tavan yapt\u0131\u011f\u0131n\u0131 hat\u0131rlatt\u0131. \u00d6te yandan yat\u0131r\u0131mc\u0131lar\u0131n EB-5 projelerini yerinde incelemelerini engelleyen\u00a0 COVID-19 salg\u0131n\u0131yla ilgili seyahat k\u0131s\u0131tlamalar\u0131 nedeniyle EB-5 talebi zaten olumsuz bir \u015fekilde\u00a0 etkilenmi\u015fti. T\u00fcm bu tats\u0131z geli\u015fmeler, minimum yat\u0131r\u0131m miktar\u0131n\u0131n 500.000 $ 'dan 900.000 $' a \u00e7\u0131kmas\u0131\u00a0 ve Hedeflenen \u0130stihdam Alan\u0131 (HIA) tan\u0131m\u0131ndaki de\u011fi\u015fiklik ile birle\u015fti\u011finde tabiri caizse durumun \u00fczerine\u00a0<\/span><\/p>\n<p><span style=\"font-weight: 400; color: #000000;\">t\u00fcy dikti. Bu y\u00fczden e\u011fer Biden iktidar\u0131 i\u015flem s\u00fcrelerini k\u0131salt\u0131p beklenen vize onay oranlar\u0131n\u0131 y\u00fckseltirse,\u00a0 EB-5 ba\u015fvuru sahiplerini pazara geri d\u00f6nmeye te\u015fvik edebilir.\u00a0<\/span><\/p>\n<p><span style=\"font-weight: 400; color: #000000;\">\u00d6nceki Trump Y\u00f6netimi s\u00fcresinde vize i\u015flem s\u00fcrelerinin \u00e7ok uzad\u0131\u011f\u0131n\u0131 hat\u0131rlatan Bay \u0130\u015fsever \u2019e konuyu\u00a0 biraz daha a\u00e7mas\u0131n\u0131 rica ettik. \u015e\u00f6yle cevaplad\u0131:\u00a0\u00a0<\/span><\/p>\n<p><span style=\"font-weight: 400; color: #000000;\">EB-5'te d\u00f6rt a\u015fama vard\u0131r:\u00a0<\/span><\/p>\n<ol>\n<li><span style=\"font-weight: 400; color: #000000;\">a) \u0130lk I-526 ba\u015fvurusu ile onay\u0131 aras\u0131ndaki s\u00fcre;\u00a0<\/span><\/li>\n<li><span style=\"font-weight: 400; color: #000000;\">b) I-526'n\u0131n onay\u0131 ile ko\u015fullu ye\u015fil kart\u0131n al\u0131nmas\u0131 aras\u0131ndaki s\u00fcre;\u00a0<\/span><\/li>\n<li><span style=\"font-weight: 400; color: #000000;\">c) Ko\u015fullu ye\u015fil kart al\u0131nmas\u0131ndan sonraki iki y\u0131ll\u0131k bekleme d\u00f6nemi; ve\u00a0<\/span><\/li>\n<li><span style=\"font-weight: 400; color: #000000;\">d) Bekleme d\u00f6neminin sonu ile daimi ye\u015fil kart\u0131n onaylanmas\u0131 aras\u0131ndaki s\u00fcre.\u00a0\u00a0<\/span><\/li>\n<\/ol>\n<p><span style=\"font-weight: 400; color: #000000;\">Bekleme d\u00f6nemi iki y\u0131l olarak tan\u0131mlan\u0131rken, di\u011fer \u00fc\u00e7 a\u015faman\u0131n belirli bir s\u00fcresi yoktur. \u00d6rne\u011fin \u015fu anda ABDVGS Internet sayfas\u0131nda I-526 i\u015flem s\u00fcresini 35,5 ila 68,5 ay olarak, daimi ye\u015fil kart almak i\u00e7in gerekli\u00a0 I-829 onay s\u00fcresini de 35,5 ila 55 ay olarak yay\u0131nl\u0131yor. Ger\u00e7ekte onay s\u00fcreleri burada ima edilenden \u00e7ok\u00a0\u00a0<\/span><\/p>\n<p><span style=\"font-weight: 400; color: #000000;\">daha h\u0131zl\u0131 olmakla birlikte bu s\u00fcre\u00e7ler, Trump Y\u00f6netiminin s\u0131k\u0131 g\u00f6\u00e7 politikalar\u0131ndan \u00f6nceki birka\u00e7 y\u0131l\u00a0 \u00f6ncesine g\u00f6re \u00f6nemli \u00f6l\u00e7\u00fcde uzad\u0131. 27 ayd\u0131r bekleyen bir\u00e7ok ba\u015fvuru sahibinin I-526 dilek\u00e7elerine hala\u00a0 cevap gelmedi\u011fini belirten \u0130\u015fsever, k\u0131sa s\u00fcre \u00f6nce bu ba\u015fvurular\u0131n 14-16 ay i\u00e7inde onayland\u0131\u011f\u0131n\u0131\u00a0 hat\u0131rlatt\u0131. Biden Y\u00f6netiminin \u0131l\u0131ml\u0131 g\u00f6\u00e7menlik politikas\u0131 \u0131\u015f\u0131\u011f\u0131nda bu s\u00fcreler k\u0131sald\u0131\u011f\u0131 takdirde yeni EB-5\u00a0 ba\u015fvuru say\u0131lar\u0131 \u00fczerinde olumlu bir etkisi olabilece\u011fini ve do\u011fal olarak potansiyel ba\u015fvuru sahiplerinin\u00a0 tekrar heyecanlan\u0131p EB-5 kategorisi arac\u0131l\u0131\u011f\u0131yla ye\u015fil karta ba\u015fvurmay\u0131 tercih edebileceklerini tahmin\u00a0 etti\u011fini s\u00f6yledi.\u00a0<\/span><\/p>\n<p><span style=\"font-weight: 400; color: #000000;\">Biden Y\u00f6netiminin g\u00f6\u00e7menlik yanl\u0131s\u0131 bir politika uygulamay\u0131 planlamas\u0131 \u0131\u015f\u0131\u011f\u0131nda Say\u0131n \u0130\u015fsever \u2018e EB-5\u00a0 asgari yat\u0131r\u0131m mecburiyetinin tekrar 500.000 $\u2019a inme ihtimalinin ne oldu\u011funu da sorduk. Sorumuzu\u00a0 \u015f\u00f6yle cevaplad\u0131: \u201cPolitico dergisinde ge\u00e7ti\u011fimiz y\u0131l Mart ay\u0131nda b\u00f6yle bir s\u00f6ylenti yay\u0131nlanm\u0131\u015ft\u0131. Ancak\u00a0 Politico\u2019nun bu haberi iki g\u00fcn sonra Senat\u00f6r Lindsay Graham taraf\u0131ndan, Fox News muhabiri Sean\u00a0 Hannity ile yapt\u0131\u011f\u0131 bir r\u00f6portaj s\u0131ras\u0131nda yalanland\u0131. Yat\u0131r\u0131m tutarlar\u0131n\u0131n Yeni Biden Y\u00f6netimi taraf\u0131ndan\u00a0 d\u00fc\u015f\u00fcr\u00fcl\u00fcp d\u00fc\u015f\u00fcr\u00fclmeyece\u011fine dair pek \u00e7ok potansiyel m\u00fc\u015fterinin akl\u0131nda soru i\u015fareti oldu\u011funu s\u00f6yleyen\u00a0 \u0130\u015fsever, hem kendi, hem de EB-5 pazar\u0131nda dan\u0131\u015ft\u0131\u011f\u0131 g\u00f6\u00e7menlik avukatlar\u0131n\u0131n, b\u00f6lgesel merkezlerin ve\u00a0 broker-bayilerin fikrince b\u00f6yle bir geli\u015fme beklemediklerini dile getirdi.\u00a0<\/span><\/p>\n<p><span style=\"font-weight: 400; color: #000000;\">EB-5 vize kategorisindeki genel talebin d\u00fc\u015fmesine ra\u011fmen hala en \u00e7ok hangi \u00fclkelerden yat\u0131r\u0131mc\u0131\u00a0 geldi\u011fini de sorduk. Faal olan en y\u00fcksek talebin geldi\u011fi EB-5 \u00fclkelerinin Hindistan, Vietnam, G\u00fcney Kore,\u00a0 Brezilya, Rusya, Venezuela, Hong Kong, Tayvan, Meksika ve G\u00fcney Afrika oldu\u011funu s\u00f6yleyen \u0130\u015fsever,\u00a0 ayn\u0131 zamanda \u0130ngiltere, Kanada, Fransa ve Japonya gibi Bat\u0131 \u00fclkelerinden de \u00f6nemli say\u0131da ba\u015fvuru\u00a0 oldu\u011funu belirtti. Bu ikinci kategori ba\u015fvuru sahiplerinin neden ABD\u2019yi se\u00e7tiklerini sorduk. Baz\u0131lar\u0131n\u0131n\u00a0 ABD\u2019de emekli olmak istediklerini, baz\u0131lar\u0131n\u0131n ABD merkezli i\u015flerin kazanc\u0131n\u0131 cazip bulduklar\u0131n\u0131 ve\u00a0 di\u011ferlerinin de ABD'nin \u00e7ocuklar\u0131n e\u011fitimi i\u00e7in en iyi f\u0131rsat\u0131 sa\u011flad\u0131\u011f\u0131na inand\u0131klar\u0131n\u0131 \u00f6\u011frendik.\u00a0<\/span><\/p>\n<p>Ba\u015fka hangi konularda faaliyet verdi\u011fini sordu\u011fumuzda \u0130\u015fsever, lise arkada\u015f\u0131 eski Citibank \u00fcst y\u00f6neticilerinden\u00a0Pergo Kurumsal Finansman \u015eirketinin\u00a0Kurucu Orta\u011f\u0131\u00a0Ba\u015far Y\u00fccel\u00a0ile birlikte Grenada ve<\/p>\n<p>T\u00fcrk pasaportlar\u0131nda uzman New York merkezli\u00a0CBP Invest\u00a0ad\u0131nda yeni bir \u015firket kurduklar\u0131n\u0131 s\u00f6yledi.\u00a0 Birlikte Uluslararas\u0131 \u00fcne sahip olan\u00a0UGlobal\u00a0dergisinde T\u00fcrk pasaportunun yat\u0131r\u0131m yoluyla vatanda\u015fl\u0131k\u00a0 pazar\u0131ndaki avantajlar\u0131n\u0131 i\u00e7eren bir makale yazm\u0131\u015flar. Yazd\u0131klar\u0131 makaleye g\u00f6re, Karada\u011f ile birlikte\u00a0 Grenada ve T\u00fcrkiye, ABD'ye gelmek isteyenler i\u00e7in daha h\u0131zl\u0131 ve daha ucuz bir yol sunuyorlar. Bu\u00a0 y\u00f6ntem, ye\u015fil kart alman\u0131n bir yolu de\u011fil ama kesinlikle ABD'de ya\u015famak isteyen, ancak EB-5'in y\u00fcksek\u00a0 maliyetini kar\u015f\u0131layamayanlar i\u00e7in \u00e7ekici bir \u00e7\u00f6z\u00fcm sa\u011fl\u0131yor. ABD ile imzalanm\u0131\u015f bir E-2 antla\u015fmas\u0131na sahip\u00a0 olmayan Rusya, Hindistan, Brezilya, \u00c7in, Tayvan, Hong Kong, Birle\u015fik Arap Emirlikleri, Endonezya,\u00a0 Malezya, Nijerya, Katar, Suudi Arabistan, G\u00fcney Afrika ve Vietnam gibi \u00fclkelerden gelen yat\u0131r\u0131mc\u0131lar,\u00a0 do\u011frudan E-2 vizesine ba\u015fvuram\u0131yorlar. Ama, Grenada, T\u00fcrkiye veya Karada\u011f gibi ABD ile antla\u015fmas\u0131 olan\u00a0 bir \u00fclkenin vatanda\u015f\u0131 olduklar\u0131 takdirde E-2 vizesine hemen ba\u015fvurabiliyorlar.<\/p>\n<p><span style=\"font-weight: 400; color: #000000;\">E-2 antla\u015fmas\u0131, ba\u015fvuru sahiplerinin ABD'de bir i\u015f kurmas\u0131na ve orada \u00fc\u00e7 ila be\u015f y\u0131l \u00e7al\u0131\u015fmalar\u0131na olanak\u00a0 tan\u0131r. E-1 \/ E-2 vizeleri g\u00f6\u00e7men olmayan nitelikte vizelerdir. Ancak e\u011fer kurulan i\u015fletme hem k\u00e2rl\u0131 ve\u00a0 hem de ABD'de istihdam yarat\u0131rsa, s\u00fcrekli olarak yenilenebilir. E-2 vizesinin \u00f6nemli faydalar\u0131ndan biri,\u00a0 ba\u015fvuru sahibi yaln\u0131zca kendi \u00f6zel i\u015finde \u00e7al\u0131\u015fabilirken, e\u015finin istedi\u011fi her yerde \u00e7al\u0131\u015fabilmesidir. E-2 vizesinin bu \u00f6zelli\u011fi, Yat\u0131r\u0131m Yoluyla Vatanda\u015fl\u0131k programlar\u0131na yap\u0131lan ba\u015fvurular\u0131n\u0131n yak\u0131n zamanda\u00a0 tekrardan canlanmas\u0131n\u0131n ana nedenlerinden biri olmu\u015ftur.\u00a0<\/span><\/p>\n<p><span style=\"font-weight: 400; color: #000000;\">Baz\u0131 yat\u0131r\u0131mc\u0131lar\u0131n bu yolu tercih etmelerinin ba\u015fka nedenleri de var. Daha \u00f6nce de belirtti\u011fimiz gibi EB-5\u00a0 i\u015flemleri son zamanlarda \u00e7ok uzun s\u00fcr\u00fcyor. Buna kar\u015f\u0131l\u0131k, E-2 vizesinin i\u015flem s\u00fcresi \u00e7ok daha h\u0131zl\u0131. Bu\u00a0 nedenle, bir\u00e7ok ba\u015fvuru sahibi ge\u00e7ici \u00e7\u00f6z\u00fcm olarak E-2 vizesini tercih edip, ABD'de ikamet ettikleri s\u00fcre\u00a0 esnas\u0131nda ard\u0131ndan EB-5 vizesine ba\u015fvuruyorlar. Di\u011ferleri de E-2 vizesi \u00fczerinden ba\u015flatt\u0131klar\u0131 i\u015flerinin\u00a0 kapsam\u0131n\u0131 geni\u015fletip, direkt EB-5 kategorisinden ye\u015fil karta ba\u015fvuruyorlar. Ba\u015fka bir grup ise EB-5 yat\u0131r\u0131m\u0131 i\u00e7in tahsis edilmi\u015f kayna\u011f\u0131n incelenme s\u00fcrecinin \u00fcstesinden gelememekten, ya da k\u00fcresel\u00a0 vergilendirme y\u00fck\u00fcml\u00fcl\u00fc\u011f\u00fcnden imtina ettiklerinden, ya da ye\u015fil kartla gelen s\u00fcrekli ik\u00e2met\u00a0 zorunlu\u011fundan dolay\u0131 E-2 vizesi yolunu tercih ediyorlar.\u00a0<\/span><\/p>\n<p><span style=\"color: #000000;\"><span style=\"font-weight: 400;\">Gazeteniz okurlar\u0131n\u0131n konu\u015ftu\u011fumuz konular hakk\u0131nda ek sorular\u0131 olur ve bizimle direkt ileti\u015fime ge\u00e7mek\u00a0 isterlerse web sitemiz <\/span><span style=\"font-weight: 400;\">https:\/\/www.americaeb5visa.com\/tr\/ <\/span><span style=\"font-weight: 400;\">veya <\/span><span style=\"font-weight: 400;\">info@americaeb5visa.com <\/span><span style=\"font-weight: 400;\">e-posta\u00a0 adresi \u00fczerinden ula\u015fabilirler.<\/span><\/span><\/p>\n<\/div>\n<\/div><\/div><\/div><\/div><\/div>","protected":false},"excerpt":{"rendered":"<p>H\u00fcrriyet Gazetesi muhabirlerinden, K\u00fcbra Gen\u00e7 Kalabal\u0131k ile EB-5 \u00fczerinde s\u00f6yle\u015fi \u2013 9 Mart 2021\u00a0 Amerika Birle\u015fik Devletleri&#8217;nin yeni Ba\u015fkan\u0131n\u0131n g\u00f6reve ba\u015flamas\u0131ndan 50 g\u00fcn sonra New York merkezli Amerika EB5 Visa&#8217;n\u0131n Kurucu Orta\u011f\u0131, Say\u0131n Marko Issever ile g\u00f6r\u00fc\u015ft\u00fck. Yeni Ba\u015fkan Joe Biden\u2019in g\u00f6reve atanmas\u0131na ili\u015fkin g\u00f6r\u00fc\u015flerini \u00f6\u011frenmek istedik. Olas\u0131 yeni politikalar\u0131n ABD\u2019ye g\u00f6\u00e7men kabul\u00fc \u00fczerindeki spesifik<a class=\"moretag\" href=\"https:\/\/www.americaeb5visa.com\/tr\/blog\/2021\/07\/26\/hurriyet-gazetesi-muhabirlerinden-kubra-genc-kalabalik-ile-eb-5-uzerinde-soylesi\/\"><span class=\"screen-reader-text\">Hakk\u0131nda daha fazlas\u0131n\u0131 oku H\u00fcrriyet Gazetesi muhabirlerinden, K\u00fcbra Gen\u00e7 Kalabal\u0131k ile EB-5 \u00fczerinde s\u00f6yle\u015fi<\/span>[&#8230;]<\/a><\/p>\n","protected":false},"author":1,"featured_media":583,"comment_status":"closed","ping_status":"closed","sticky":false,"template":"","format":"standard","meta":{"_acf_changed":false,"_monsterinsights_skip_tracking":false,"_monsterinsights_sitenote_active":false,"_monsterinsights_sitenote_note":"","_monsterinsights_sitenote_category":0,"footnotes":""},"categories":[8],"tags":[],"class_list":["post-563","post","type-post","status-publish","format-standard","has-post-thumbnail","hentry","category-video"],"acf":[],"rttpg_featured_image_url":{"full":["https:\/\/www.americaeb5visa.com\/tr\/wp-content\/uploads\/sites\/6\/2021\/07\/hurriyet.png",427,427,false],"landscape":["https:\/\/www.americaeb5visa.com\/tr\/wp-content\/uploads\/sites\/6\/2021\/07\/hurriyet.png",427,427,false],"portraits":["https:\/\/www.americaeb5visa.com\/tr\/wp-content\/uploads\/sites\/6\/2021\/07\/hurriyet.png",427,427,false],"thumbnail":["https:\/\/www.americaeb5visa.com\/tr\/wp-content\/uploads\/sites\/6\/2021\/07\/hurriyet-150x150.png",150,150,true],"medium":["https:\/\/www.americaeb5visa.com\/tr\/wp-content\/uploads\/sites\/6\/2021\/07\/hurriyet-300x300.png",300,300,true],"large":["https:\/\/www.americaeb5visa.com\/tr\/wp-content\/uploads\/sites\/6\/2021\/07\/hurriyet.png",427,427,false],"timeline-express":["https:\/\/www.americaeb5visa.com\/tr\/wp-content\/uploads\/sites\/6\/2021\/07\/hurriyet-350x120.png",350,120,true],"timeline-express-thumbnail":["https:\/\/www.americaeb5visa.com\/tr\/wp-content\/uploads\/sites\/6\/2021\/07\/hurriyet-200x120.png",200,120,true],"1536x1536":["https:\/\/www.americaeb5visa.com\/tr\/wp-content\/uploads\/sites\/6\/2021\/07\/hurriyet.png",427,427,false],"2048x2048":["https:\/\/www.americaeb5visa.com\/tr\/wp-content\/uploads\/sites\/6\/2021\/07\/hurriyet.png",427,427,false],"llorix-one-lite-post-thumbnail-big":["https:\/\/www.americaeb5visa.com\/tr\/wp-content\/uploads\/sites\/6\/2021\/07\/hurriyet-427x340.png",427,340,true],"llorix-one-lite-post-thumbnail-mobile":["https:\/\/www.americaeb5visa.com\/tr\/wp-content\/uploads\/sites\/6\/2021\/07\/hurriyet-427x233.png",427,233,true],"llorix-one-lite-post-thumbnail-latest-news":["https:\/\/www.americaeb5visa.com\/tr\/wp-content\/uploads\/sites\/6\/2021\/07\/hurriyet-150x150.png",150,150,true],"menu-24x24":["https:\/\/www.americaeb5visa.com\/tr\/wp-content\/uploads\/sites\/6\/2021\/07\/hurriyet-24x24.png",24,24,true],"menu-36x36":["https:\/\/www.americaeb5visa.com\/tr\/wp-content\/uploads\/sites\/6\/2021\/07\/hurriyet-36x36.png",36,36,true],"menu-48x48":["https:\/\/www.americaeb5visa.com\/tr\/wp-content\/uploads\/sites\/6\/2021\/07\/hurriyet-48x48.png",48,48,true],"sow-carousel-default":["https:\/\/www.americaeb5visa.com\/tr\/wp-content\/uploads\/sites\/6\/2021\/07\/hurriyet-272x182.png",272,182,true]},"rttpg_author":{"display_name":"AdminNIso","author_link":"https:\/\/www.americaeb5visa.com\/tr\/blog\/author\/admin\/"},"rttpg_comment":0,"rttpg_category":"<a href=\"https:\/\/www.americaeb5visa.com\/tr\/blog\/category\/video\/\" rel=\"category tag\">Video<\/a>","rttpg_excerpt":"H\u00fcrriyet Gazetesi muhabirlerinden, K\u00fcbra Gen\u00e7 Kalabal\u0131k ile EB-5 \u00fczerinde s\u00f6yle\u015fi \u2013 9 Mart 2021\u00a0 Amerika Birle\u015fik Devletleri'nin yeni Ba\u015fkan\u0131n\u0131n g\u00f6reve ba\u015flamas\u0131ndan 50 g\u00fcn sonra New York merkezli Amerika EB5 Visa'n\u0131n Kurucu Orta\u011f\u0131, Say\u0131n Marko Issever ile g\u00f6r\u00fc\u015ft\u00fck. Yeni Ba\u015fkan Joe Biden\u2019in g\u00f6reve atanmas\u0131na ili\u015fkin g\u00f6r\u00fc\u015flerini \u00f6\u011frenmek istedik. Olas\u0131 yeni politikalar\u0131n ABD\u2019ye g\u00f6\u00e7men kabul\u00fc \u00fczerindeki spesifikHakk\u0131nda&hellip;","_links":{"self":[{"href":"https:\/\/www.americaeb5visa.com\/tr\/wp-json\/wp\/v2\/posts\/563","targetHints":{"allow":["GET"]}}],"collection":[{"href":"https:\/\/www.americaeb5visa.com\/tr\/wp-json\/wp\/v2\/posts"}],"about":[{"href":"https:\/\/www.americaeb5visa.com\/tr\/wp-json\/wp\/v2\/types\/post"}],"author":[{"embeddable":true,"href":"https:\/\/www.americaeb5visa.com\/tr\/wp-json\/wp\/v2\/users\/1"}],"replies":[{"embeddable":true,"href":"https:\/\/www.americaeb5visa.com\/tr\/wp-json\/wp\/v2\/comments?post=563"}],"version-history":[{"count":0,"href":"https:\/\/www.americaeb5visa.com\/tr\/wp-json\/wp\/v2\/posts\/563\/revisions"}],"wp:featuredmedia":[{"embeddable":true,"href":"https:\/\/www.americaeb5visa.com\/tr\/wp-json\/wp\/v2\/media\/583"}],"wp:attachment":[{"href":"https:\/\/www.americaeb5visa.com\/tr\/wp-json\/wp\/v2\/media?parent=563"}],"wp:term":[{"taxonomy":"category","embeddable":true,"href":"https:\/\/www.americaeb5visa.com\/tr\/wp-json\/wp\/v2\/categories?post=563"},{"taxonomy":"post_tag","embeddable":true,"href":"https:\/\/www.americaeb5visa.com\/tr\/wp-json\/wp\/v2\/tags?post=563"}],"curies":[{"name":"wp","href":"https:\/\/api.w.org\/{rel}","templated":true}]}}