{"id":578,"date":"2022-03-23T18:57:55","date_gmt":"2022-03-23T23:57:55","guid":{"rendered":"https:\/\/www.americaeb5visa.com\/tr\/?p=578"},"modified":"2022-03-25T14:53:30","modified_gmt":"2022-03-25T19:53:30","slug":"yeni-eb-5-bolgesel-merkez-programi-yururluge-girdi-yeni-asgari-yatirim-tutari-simdi-800-000","status":"publish","type":"post","link":"https:\/\/www.americaeb5visa.com\/tr\/blog\/2022\/03\/23\/yeni-eb-5-bolgesel-merkez-programi-yururluge-girdi-yeni-asgari-yatirim-tutari-simdi-800-000\/","title":{"rendered":"Yeni EB-5 B\u00f6lgesel Merkez Program\u0131 y\u00fcr\u00fcrl\u00fc\u011fe girdi! Yeni asgari yat\u0131r\u0131m tutar\u0131 \u015fimdi 800.000 $!"},"content":{"rendered":"<div id=\"pl-578\"  class=\"panel-layout\" ><div id=\"pg-578-0\"  class=\"panel-grid panel-has-style\" ><div class=\"siteorigin-panels-stretch panel-row-style panel-row-style-for-578-0\" data-stretch-type=\"full-stretched\" ><div id=\"pgc-578-0-0\"  class=\"panel-grid-cell\" ><div id=\"panel-578-0-0-0\" class=\"so-panel widget widget_sow-hero panel-first-child panel-last-child\" data-index=\"0\" ><div\n\t\t\t\n\t\t\tclass=\"so-widget-sow-hero so-widget-sow-hero-default-b0680ca52429-578 so-widget-fittext-wrapper\"\n\t\t\t data-fit-text-compressor=\"0.85\"\n\t\t>\t\t\t\t<div class=\"sow-slider-base\" style=\"display: none\" tabindex=\"0\">\n\t\t\t\t\t<ul\n\t\t\t\t\tclass=\"sow-slider-images\"\n\t\t\t\t\tdata-settings=\"{&quot;pagination&quot;:true,&quot;speed&quot;:800,&quot;timeout&quot;:8000,&quot;paused&quot;:false,&quot;pause_on_hover&quot;:false,&quot;swipe&quot;:true,&quot;nav_always_show_desktop&quot;:&quot;&quot;,&quot;nav_always_show_mobile&quot;:&quot;&quot;,&quot;breakpoint&quot;:&quot;780px&quot;,&quot;unmute&quot;:false,&quot;anchor&quot;:null}\"\n\t\t\t\t\tstyle=\"min-height: 720px\"\t\t\t\t\tdata-anchor-id=\"\"\n\t\t\t\t>\t\t<li class=\"sow-slider-image  sow-slider-image-cover\" style=\"visibility: visible;;background-color: #333333;background-image: url(https:\/\/www.americaeb5visa.com\/tr\/wp-content\/uploads\/sites\/6\/2022\/03\/EB-5-Regional-Center-Program-is-reauthorized-New-minimum-investment-am...-scaled.jpg)\" >\n\t\t\t\t\t<div class=\"sow-slider-image-container\">\n\t\t\t<div class=\"sow-slider-image-wrapper\">\n\t\t\t\t<h1 style=\"text-align: center\">Yeni EB-5 B\u00f6lgesel Merkez Program\u0131 y\u00fcr\u00fcrl\u00fc\u011fe girdi! Yeni asgari yat\u0131r\u0131m tutar\u0131 \u015fimdi 800.000 $!<\/h1>\t\t\t<\/div>\n\t\t<\/div>\n\t\t\t\t<\/li>\n\t\t<\/ul>\t\t\t\t<ol class=\"sow-slider-pagination\">\n\t\t\t\t\t\t\t\t\t\t\t<li><a href=\"#\" data-goto=\"0\" aria-label=\"Display slide 1\"><\/a><\/li>\n\t\t\t\t\t\t\t\t\t<\/ol>\n\n\t\t\t\t<div class=\"sow-slide-nav sow-slide-nav-next\">\n\t\t\t\t\t<a href=\"#\" data-goto=\"next\" aria-label=\"Next slide\" data-action=\"next\">\n\t\t\t\t\t\t<em class=\"sow-sld-icon-thin-right\"><\/em>\n\t\t\t\t\t<\/a>\n\t\t\t\t<\/div>\n\n\t\t\t\t<div class=\"sow-slide-nav sow-slide-nav-prev\">\n\t\t\t\t\t<a href=\"#\" data-goto=\"previous\" aria-label=\"Previous slide\" data-action=\"prev\">\n\t\t\t\t\t\t<em class=\"sow-sld-icon-thin-left\"><\/em>\n\t\t\t\t\t<\/a>\n\t\t\t\t<\/div>\n\t\t\t\t<\/div><\/div><\/div><\/div><\/div><\/div><div id=\"pg-578-1\"  class=\"panel-grid panel-no-style\" ><div id=\"pgc-578-1-0\"  class=\"panel-grid-cell\" ><div id=\"panel-578-1-0-0\" class=\"so-panel widget widget_sow-editor panel-first-child panel-last-child\" data-index=\"1\" ><div\n\t\t\t\n\t\t\tclass=\"so-widget-sow-editor so-widget-sow-editor-base\"\n\t\t\t\n\t\t>\n<div class=\"siteorigin-widget-tinymce textwidget\">\n\t<h1><b>Biliyor muydunuz?<\/b><\/h1>\n<h1><b>Yeni EB-5 B\u00f6lgesel Merkez Program\u0131 y\u00fcr\u00fcrl\u00fc\u011fe girdi! Yeni asgari yat\u0131r\u0131m tutar\u0131 \u015fimdi 800.000 $!<\/b><\/h1>\n<p>15 Mart 2022 Sal\u0131 g\u00fcn\u00fc, Ba\u015fkan Biden, H.R. 2471 \u2013 2022 Konsolide \u00d6denekler Yasas\u0131n\u0131 imzalad\u0131. Kanun\u00a0 \u201c2022 EB-5 Reform ve D\u00fcr\u00fcstl\u00fck Yasas\u0131\u201d ba\u015fl\u0131kl\u0131 EB-5 reform kanununu i\u00e7eriyor.<\/p>\n<p>5 y\u0131ll\u0131k yeniden yetkilendirme, Program i\u00e7in \u00e7ok ihtiya\u00e7 duyulan istikrar\u0131 sa\u011flayacakt\u0131r. A\u015fa\u011f\u0131da, <b>2022 tarihli EB-5 Reform ve D\u00fcr\u00fcstl\u00fck Yasas\u0131<\/b>'n\u0131n baz\u0131 temel h\u00fck\u00fcmlerinin bir \u00f6zetini yapaca\u011f\u0131z:<\/p>\n<ol>\n<li style=\"font-weight: 400;\" aria-level=\"1\"><b>EB-5 B\u00f6lgesel Merkez Program\u0131n\u0131n Yeniden Yetkilendirilmesi:<\/b> Program yeni yap\u0131lan de\u011fi\u015fikliklerle beraber bug\u00fcnden itibaren 30 Eyl\u00fcl 2027'ye kadar ge\u00e7erli olacakt\u0131r. Yeni ba\u015fvurular yasan\u0131n y\u00fcr\u00fcrl\u00fc\u011fe girmesinden 60 g\u00fcn sonra ge\u00e7erlidir. [14 May\u0131s Cumartesi oldu\u011fu i\u00e7in, ilk ba\u015fvuru tarihi 16 May\u0131s 2022 olacakt\u0131r.] Ba\u015fka bir deyi\u015fle, yat\u0131r\u0131mc\u0131lar, mevcut bir proje i\u00e7in ba\u015fvuruda bulunmak i\u00e7in 60 g\u00fcn beklemek zorundad\u0131rlar. Yeni ba\u015fvurular, yeni <b>Hedeflenmi\u015f \u0130stihdam Alan\u0131<\/b> (HIA) tan\u0131m\u0131na, yeni yat\u0131r\u0131m seviyelerine ve yeni fon kayna\u011f\u0131 kurallar\u0131na uygun olmal\u0131d\u0131r. Bu, uzun y\u0131llar boyunca k\u0131sa vadeli yeniden yetkilendirmelerden sonra, 2015'ten bu yana EB-5 Program\u0131n\u0131n ilk uzun vadeli yeniden yetkilendirmesidir. EB-5 end\u00fcstrisi bir araya geldi ve kapsaml\u0131 reformlar i\u00e7in h\u00fck\u00fcmete ve meclise bask\u0131 yapt\u0131. Yasan\u0131n onaylanmas\u0131 i\u00e7in \u00e7al\u0131\u015fan herkesi tebrik ediyoruz.<\/li>\n<li style=\"font-weight: 400;\" aria-level=\"1\"><b>I-526 i\u015flemleri:<\/b> Daha \u00f6nce yat\u0131r\u0131m yapan yat\u0131r\u0131mc\u0131lar\u0131n dilek\u00e7eleri, mevzuat\u0131n y\u00fcr\u00fcrl\u00fc\u011fe girmesiyle birlikte USCIS taraf\u0131ndan i\u015fleme al\u0131nacakt\u0131r. Yeni Program gereksinimleri yaln\u0131zca yeni I-526 dilek\u00e7eleri i\u00e7in ge\u00e7erli olacakt\u0131r.<\/li>\n<li style=\"font-weight: 400;\" aria-level=\"1\"><b>\u0130stihdam yaratma<\/b>: Dolayl\u0131 i\u015fler, projenin in\u015faat\u0131 iki y\u0131ldan fazla ise i\u015f yaratma gereksiniminin yaln\u0131zca %90'\u0131n\u0131, projenin in\u015faat\u0131 iki y\u0131ldan az ise, %75'ini kar\u015f\u0131layabilir. Kalan gerekli i\u015f yaratma, do\u011frudan i\u015f yaratma yoluyla olmal\u0131d\u0131r. Bu i\u015f gereksinimleri ekonometrik metodolojiler kullan\u0131larak kan\u0131tlanabilirler.<\/li>\n<li style=\"font-weight: 400;\" aria-level=\"1\"><b>Asgari Yat\u0131r\u0131m Miktar\u0131 (<\/b>yat\u0131r\u0131mc\u0131 ba\u015f\u0131na)<b>: Yasa<\/b> y\u00fcr\u00fcrl\u00fc\u011fe girdi\u011fi tarihte derhal ge\u00e7erli olacakt\u0131r.\n<ol>\n<li style=\"font-weight: 400;\" aria-level=\"2\"><b>HIA ve Altyap\u0131 Projeleri:<\/b> 800.000 $<\/li>\n<li style=\"font-weight: 400;\" aria-level=\"2\"><b>HIA D\u0131\u015f\u0131 Projeler:<\/b> 1.050.000 $<\/li>\n<li style=\"font-weight: 400;\" aria-level=\"2\"><b>Otomatik Ayarlamalar:<\/b> 1 Ocak 2027'de ve daha sonra her 5 y\u0131lda bir yap\u0131lacakt\u0131r. Yeni minimum yat\u0131r\u0131m tutar\u0131 \u00f6n\u00fcm\u00fczdeki be\u015f y\u0131l boyunca sabit kalacak. 1 Ocak 2027'den itibaren ve bundan sonraki her be\u015f y\u0131lda bir, yat\u0131r\u0131m tutar\u0131, T\u00fcketici Fiyat Endeksi'ni (T\u00dcFE) kullanan bir form\u00fcle dayal\u0131 olarak enflasyona g\u00f6re ayarlanacakt\u0131r.<\/li>\n<\/ol>\n<\/li>\n<li style=\"font-weight: 400;\" aria-level=\"1\"><b>Fonlar\u0131n kayna\u011f\u0131:<\/b> Fon kayna\u011f\u0131n\u0131n ispat\u0131 art\u0131k yaln\u0131zca sermaye yat\u0131r\u0131m\u0131 i\u00e7in de\u011fil, ayn\u0131 zamanda B\u00f6lgesel Merkezin ald\u0131\u011f\u0131 idari \u00f6denek ve yat\u0131r\u0131mla ili\u015fkili USCIS dosyalama \u00fccretleri gibi di\u011fer \u00fccretler i\u00e7in de ge\u00e7erlidir.<\/li>\n<li style=\"font-weight: 400;\" aria-level=\"1\"><b>HIA:<\/b><b><br \/>\n<\/b><b>HIA yeniden tan\u0131mland\u0131:<\/b> HIA yeniden a) k\u0131rsal alan, b) altyap\u0131 projesi ve c) \u0130\u00e7 G\u00fcvenlik Bakanl\u0131\u011f\u0131 taraf\u0131ndan y\u00fcksek i\u015fsizlik alan\u0131 olarak belirlenen alanlar olarak tan\u0131mland\u0131.<\/p>\n<ol>\n<li style=\"font-weight: 400;\" aria-level=\"2\"><b>K\u0131rsal: <\/b>B\u00fcy\u00fck\u015fehir \u0130statistik alan\u0131 d\u0131\u015f\u0131nda veya 20.000 veya daha fazla n\u00fcfusa sahip herhangi bir \u015fehir veya kasaban\u0131n d\u0131\u015f s\u0131n\u0131rlar\u0131 i\u00e7indeki alanlar. (\u00d6nceki yasadan bir fark\u0131 yok)<\/li>\n<li style=\"font-weight: 400;\" aria-level=\"2\"><b>Altyap\u0131 projesi:<\/b> Bunlar, bir devlet kurulu\u015funun, bir B\u00f6lgesel Merkez taraf\u0131ndan y\u00f6netilen yeni ticari kurulu\u015ftan ald\u0131\u011f\u0131 EB-5 sermayesi ile istihdam yaratt\u0131\u011f\u0131 bay\u0131nd\u0131rl\u0131k i\u015fleri projeleridir.<\/li>\n<li style=\"font-weight: 400;\" aria-level=\"2\"><b>Y\u00fcksek \u0130\u015fsizlik Alan\u0131:<\/b>\n<ol>\n<li style=\"font-weight: 400;\" aria-level=\"3\"><b>Yeniden tan\u0131mland\u0131:<\/b> \u00dcnl\u00fc g\u00f6\u00e7menlik avukatl\u0131k \u015firketi, Greenberg Traurig, 2019 USCIS d\u00fczenlemesinin kodlanmas\u0131n\u0131 \u201c\u00e7\u00f6rek\u201d yakla\u015f\u0131m\u0131 olarak adland\u0131r\u0131yor. Proje, ya i\u015fsizlik oran\u0131 ulusal ortalama i\u015fsizlik oran\u0131ndan %150 veya daha y\u00fcksek olan tek bir n\u00fcfus say\u0131m\u0131 b\u00f6lgesinde veya o alana \"biti\u015fik\" i\u015fsizlik oran\u0131n\u0131n a\u011f\u0131rl\u0131kl\u0131 ortalamas\u0131, ulusal ortalama i\u015fsizlik oran\u0131ndan %150 veya daha y\u00fcksek olan biti\u015fik n\u00fcfus say\u0131m\u0131 alanlar\u0131nda yer almal\u0131d\u0131r.<\/li>\n<li style=\"font-weight: 400;\" aria-level=\"3\"><b>\u0130\u00e7 G\u00fcvenlik Bakanl\u0131\u011f\u0131:<\/b> Yerel y\u00f6netimler ve eyaletler yerine, gerekli %150\u2019den fazla i\u015fsizlik kriterini tespit etme takdirine sahiptir.<\/li>\n<li style=\"font-weight: 400;\" aria-level=\"3\"><b>HIA vasf\u0131<\/b>: HIA vasf\u0131 USCIS'e ba\u015fvuru yap\u0131ld\u0131\u011f\u0131 tarihten itibaren 2 y\u0131ll\u0131k d\u00f6nemler i\u00e7in ge\u00e7erli olacakt\u0131r.<\/li>\n<\/ol>\n<\/li>\n<\/ol>\n<\/li>\n<li style=\"font-weight: 400;\" aria-level=\"1\"><b>HIA'lar i\u00e7in ayr\u0131lan vize (yakla\u015f\u0131k 3200 vize):<\/b>\n<ol>\n<li style=\"font-weight: 400;\" aria-level=\"3\">K\u0131rsal alanlara yat\u0131r\u0131m yapan yat\u0131r\u0131mc\u0131lar i\u00e7in %20 (yakla\u015f\u0131k 2000 vize).<\/li>\n<li style=\"font-weight: 400;\" aria-level=\"3\">\u0130\u015fsizli\u011fin y\u00fcksek oldu\u011fu b\u00f6lgelere yat\u0131r\u0131m yapan yat\u0131r\u0131mc\u0131lar i\u00e7in %10 (yakla\u015f\u0131k 1000 vize).<\/li>\n<li style=\"font-weight: 400;\" aria-level=\"3\">Altyap\u0131 alanlar\u0131na yat\u0131r\u0131m yapan yat\u0131r\u0131mc\u0131lar i\u00e7in %2 (yakla\u015f\u0131k 200 vize).<\/li>\n<li style=\"font-weight: 400;\" aria-level=\"3\">Kullan\u0131lmayan vizeler hemen ertesi y\u0131l ayn\u0131 kategoriye \u201cdevredilir\u201d.<\/li>\n<li style=\"font-weight: 400;\" aria-level=\"3\">Herhangi bir kategoride kullan\u0131lmayan vizeler, iki y\u0131l sonra herhangi bir proje i\u00e7in genel kullan\u0131ma sunulur.<\/li>\n<\/ol>\n<\/li>\n<li style=\"font-weight: 400;\" aria-level=\"1\"><b>\u00d6ncelikli \u0130\u015fleme:<\/b> Yaln\u0131zca k\u0131rsal alanlarda kullan\u0131labilir. Mevzuat\u0131n 6. B\u00f6l\u00fcm\u00fcne g\u00f6re, yasa y\u00fcr\u00fcrl\u00fc\u011fe girdikten sonraki bir y\u0131l i\u00e7inde, USCIS'in bir \u00fccret ara\u015ft\u0131rmas\u0131 yapmas\u0131n\u0131 ve ard\u0131ndan, normal zamanl\u0131 i\u015flemeyi ger\u00e7ekle\u015ftirmek i\u00e7in ihtiyac\u0131 oldu\u011fu \u00fccretleri tespit etmesini zorunlu k\u0131lar.<\/li>\n<li style=\"font-weight: 400;\" aria-level=\"1\"><b>Yeniden Yat\u0131r\u0131m: <\/b>Yat\u0131r\u0131m\u0131 riskte tutmak i\u00e7in ABD'nin herhangi bir yerindeki projeye fonlar\u0131n yeniden yat\u0131r\u0131lmas\u0131na izin verir. Bu kurallar, yeniden yap\u0131lan yat\u0131r\u0131mlar\u0131n\u0131n yeri konusunda daha fazla esneklik sa\u011flayacak ve b\u00f6ylece yeni ticari i\u015fletmesinin (NCE), Amerika Birle\u015fik Devletleri i\u00e7indeki co\u011frafi konumunu dikkate almaks\u0131z\u0131n yat\u0131r\u0131mc\u0131lar\u0131 i\u00e7in en uygun se\u00e7enekleri tedarik etmesine olanak tan\u0131yacakt\u0131r.<\/li>\n<li style=\"font-weight: 400;\" aria-level=\"1\"><b>\u0130\u015f Yaratma:<\/b>\n<ol>\n<li style=\"font-weight: 400;\" aria-level=\"2\">\u00d6nceki yasa gibi yat\u0131r\u0131mc\u0131 ba\u015f\u0131na en az on i\u015f yaratma zorunlulu\u011fu vard\u0131r.<\/li>\n<li style=\"font-weight: 400;\" aria-level=\"2\">Gerekli olarak yarat\u0131lan en az on i\u015ften birinin bordroya tabi bir i\u015f olma zorunlulu\u011fu vard\u0131r; i\u015flerin di\u011fer dokuzu \u00f6nceki yasa gibi istatistik modelin sa\u011flad\u0131\u011f\u0131 tahmini dolayl\u0131 i\u015fler olabilir.<\/li>\n<li style=\"font-weight: 400;\" aria-level=\"2\">\u0130ki y\u0131ldan az s\u00fcren in\u015faat i\u015flerinde, istatistik modelin sa\u011flad\u0131\u011f\u0131 tahmini dolayl\u0131 i\u015fler gerekli i\u015flerin ancak %75'ini kar\u015f\u0131layabilir.<\/li>\n<\/ol>\n<\/li>\n<li style=\"font-weight: 400;\" aria-level=\"1\"><b>S\u00fcresi dolmu\u015f mevzuattan korunma kanunu (\u201cb\u00fcy\u00fck babal\u0131k h\u00fck\u00fcmleri\u201d olarak adland\u0131r\u0131l\u0131r): <\/b>EB5 B\u00f6lgesel Program\u0131n\u0131n faal oldu\u011fu s\u00fcre i\u00e7inde yap\u0131lan dilek\u00e7eler i\u015fleme al\u0131nmaya devam edilecektir. Program yenilenmeyip, 30 Eyl\u00fcl 2027'de sona erdi\u011fi takdirde, 30 Eyl\u00fcl 2026\u2019a kadar ba\u015fvuran t\u00fcm yat\u0131r\u0131mc\u0131lar\u0131n haklar\u0131 korunacakt\u0131r. Bu yat\u0131r\u0131mc\u0131lar, s\u00fcrenin sona ermesi nedeniyle reddedilemez.<\/li>\n<li style=\"font-weight: 400;\" aria-level=\"1\"><b>Stat\u00fc de\u011fi\u015fikli\u011fi i\u00e7in I-526 ve I-485'in ayn\u0131 anda dosyalanmas\u0131:<\/b> Dilek\u00e7e sahipleri, a) EB-5 uyumlulu\u011fu ve yat\u0131r\u0131m\u0131 ve b) green karta beklemeden ge\u00e7meye uygun durumlar\u0131n\u0131 g\u00f6stererek, I-526 ve I-485 dilek\u00e7elerini e\u015fzamanl\u0131 olarak dosyalayabilirler. Bu takdirde, I-526 dilek\u00e7eleri onayland\u0131\u011f\u0131 zaman ba\u015fka bir vize ile ABD\u2019de iseler, stat\u00fc de\u011fi\u015ftirme yolu ile green kart ba\u015fvurusu yapabilirler.<\/li>\n<li style=\"font-weight: 400;\" aria-level=\"1\"><b>D\u00fcr\u00fcstl\u00fck \u00d6nlemleri:<\/b>\n<ol>\n<li style=\"font-weight: 400;\" aria-level=\"2\"><b>B\u00f6lgesel Merkez Program Denetimleri:<\/b> T\u00fcm B\u00f6lgesel Merkezler, en az 5 y\u0131lda bir USCIS denetiminden ge\u00e7ecektir.<\/li>\n<li style=\"font-weight: 400;\" aria-level=\"2\"><b>EB-5 D\u00fcr\u00fcstl\u00fck Fonu (Fon):<\/b> Bu Fon doland\u0131r\u0131c\u0131l\u0131k veya di\u011fer su\u00e7lar\u0131 tespit etmek ve ara\u015ft\u0131rmak, B\u00f6lgesel Merkezlerin, yeni ticari i\u015fletmelerinin, i\u015f yaratan kurulu\u015flar\u0131n ve yabanc\u0131 yat\u0131r\u0131mc\u0131lar\u0131n ve onlar\u0131n e\u015flerinin ve \u00e7ocuklar\u0131n\u0131n g\u00f6\u00e7menlik yasalar\u0131na uyup uymad\u0131\u011f\u0131n\u0131 belirlemek, denetimler ve saha ziyaretleri yapmak vb. i\u015flemler i\u00e7in olu\u015fturulmu\u015ftur. Her B\u00f6lgesel Merkez, 1 Ekim 2022'den itibaren Fon i\u00e7in (B\u00f6lgesel Merkezin b\u00fcy\u00fckl\u00fc\u011f\u00fcne g\u00f6re) y\u0131ll\u0131k 10.000 $-20.000 $ aras\u0131nda katk\u0131da bulunmal\u0131d\u0131r. Bu yeni \u00f6nlemler, doland\u0131r\u0131c\u0131l\u0131\u011f\u0131 ve di\u011fer kanuna ayk\u0131r\u0131 davran\u0131\u015flar\u0131 engellemek i\u00e7in \u0130\u00e7 G\u00fcvenlik Bakanl\u0131\u011f\u0131na yard\u0131mc\u0131 olacakt\u0131r.<\/li>\n<li style=\"font-weight: 400;\" aria-level=\"2\"><b>G\u00f6\u00e7menlik acenteleri dahil olmak \u00fczere b\u00fct\u00fcn arac\u0131 kurulu\u015flar: <\/b>USCIS'e kay\u0131tl\u0131 olmalar\u0131 gerekir. Her yat\u0131r\u0131mc\u0131n\u0131n EB-5 dilek\u00e7esi, yat\u0131r\u0131mc\u0131 taraf\u0131ndan imzalanm\u0131\u015f ve B\u00f6lgesel Merkezin veya yeni ticari giri\u015fimin bu i\u015flemle ba\u011flant\u0131l\u0131 olarak kazand\u0131\u011f\u0131 veya kazanaca\u011f\u0131 t\u00fcm gelirleri yans\u0131tan bir a\u00e7\u0131klamay\u0131 i\u00e7erecektir.<\/li>\n<li style=\"font-weight: 400;\" aria-level=\"2\"><b>Fon Y\u00f6neticisi:<\/b> Yeni bir ticari i\u015fletme taraf\u0131ndan tutulmas\u0131 ve ayr\u0131 bir hesaptan t\u00fcm tutar transferlerini izlemesi ve takip etmesi; t\u00fcm ayr\u0131 hesaplarda ortak imzac\u0131 olarak g\u00f6rev yapmas\u0131; ayr\u0131 bir hesaptan herhangi bir tutar transferinden \u00f6nce, transferin kurumsal, operasyonel ve yat\u0131r\u0131m belgeleri de dahil olmak \u00fczere t\u00fcm ge\u00e7erli belgelere uygun oldu\u011funu do\u011frulamas\u0131 gerekir.<\/li>\n<\/ol>\n<\/li>\n<\/ol>\n<p>Yeni EB-5 program\u0131 hakk\u0131nda daha fazla bilgi edinmek isterseniz, l\u00fctfen bizi + 1 917 355 9251 numaral\u0131 telefondan aramaktan veya <a href=\"mailto:info@americaeb5visa.com\">info@americaeb5visa.com<\/a> adresinden bize yazmaktan \u00e7ekinmeyin.<\/p>\n<p>americaeb5visa taraf\u0131ndan 20 Mart 2022'de yay\u0131nland\u0131.<\/p>\n<p>&nbsp;<\/p>\n<p>&nbsp;<\/p>\n<\/div>\n<\/div><\/div><\/div><\/div><div id=\"pg-578-2\"  class=\"panel-grid panel-no-style\" ><div id=\"pgc-578-2-0\"  class=\"panel-grid-cell\" ><div id=\"panel-578-2-0-0\" class=\"so-panel widget widget_sow-button panel-first-child panel-last-child\" data-index=\"2\" ><div class=\"panel-widget-style panel-widget-style-for-578-2-0-0\" ><div\n\t\t\t\n\t\t\tclass=\"so-widget-sow-button so-widget-sow-button-atom-f54c0409268f-578\"\n\t\t\t\n\t\t><div class=\"ow-button-base ow-button-align-center\"\n>\n\t\t\t<a\n\t\t\t\t\thref=\"http:\/\/www.americaeb5visa.com\/tr\/haberler\/\"\n\t\t\t\t\tclass=\"sowb-button ow-icon-placement-left ow-button-hover\" \t>\n\t\t<span>\n\t\t\t\n\t\t\tHaberlere geri d\u00f6n\t\t<\/span>\n\t\t\t<\/a>\n\t<\/div>\n<\/div><\/div><\/div><\/div><\/div><\/div>","protected":false},"excerpt":{"rendered":"<p>Yeni asgari yat\u0131r\u0131m tutar\u0131 \u015fimdi 800.000 $! 15 Mart 2022 Sal\u0131 g\u00fcn\u00fc, Ba\u015fkan Biden, H.R. 2471 \u2013 2022 Konsolide \u00d6denekler Yasas\u0131n\u0131 imzalad\u0131. <\/p>\n","protected":false},"author":1,"featured_media":580,"comment_status":"closed","ping_status":"closed","sticky":false,"template":"","format":"standard","meta":{"_acf_changed":false,"_monsterinsights_skip_tracking":false,"_monsterinsights_sitenote_active":false,"_monsterinsights_sitenote_note":"","_monsterinsights_sitenote_category":0,"footnotes":""},"categories":[9],"tags":[],"class_list":["post-578","post","type-post","status-publish","format-standard","has-post-thumbnail","hentry","category-haber"],"acf":[],"rttpg_featured_image_url":{"full":["https:\/\/www.americaeb5visa.com\/tr\/wp-content\/uploads\/sites\/6\/2022\/03\/EB-5-Regional-Center-Program-is-reauthorized_.png",427,427,false],"landscape":["https:\/\/www.americaeb5visa.com\/tr\/wp-content\/uploads\/sites\/6\/2022\/03\/EB-5-Regional-Center-Program-is-reauthorized_.png",427,427,false],"portraits":["https:\/\/www.americaeb5visa.com\/tr\/wp-content\/uploads\/sites\/6\/2022\/03\/EB-5-Regional-Center-Program-is-reauthorized_.png",427,427,false],"thumbnail":["https:\/\/www.americaeb5visa.com\/tr\/wp-content\/uploads\/sites\/6\/2022\/03\/EB-5-Regional-Center-Program-is-reauthorized_-150x150.png",150,150,true],"medium":["https:\/\/www.americaeb5visa.com\/tr\/wp-content\/uploads\/sites\/6\/2022\/03\/EB-5-Regional-Center-Program-is-reauthorized_-300x300.png",300,300,true],"large":["https:\/\/www.americaeb5visa.com\/tr\/wp-content\/uploads\/sites\/6\/2022\/03\/EB-5-Regional-Center-Program-is-reauthorized_.png",427,427,false],"timeline-express":["https:\/\/www.americaeb5visa.com\/tr\/wp-content\/uploads\/sites\/6\/2022\/03\/EB-5-Regional-Center-Program-is-reauthorized_-350x120.png",350,120,true],"timeline-express-thumbnail":["https:\/\/www.americaeb5visa.com\/tr\/wp-content\/uploads\/sites\/6\/2022\/03\/EB-5-Regional-Center-Program-is-reauthorized_-200x120.png",200,120,true],"1536x1536":["https:\/\/www.americaeb5visa.com\/tr\/wp-content\/uploads\/sites\/6\/2022\/03\/EB-5-Regional-Center-Program-is-reauthorized_.png",427,427,false],"2048x2048":["https:\/\/www.americaeb5visa.com\/tr\/wp-content\/uploads\/sites\/6\/2022\/03\/EB-5-Regional-Center-Program-is-reauthorized_.png",427,427,false],"llorix-one-lite-post-thumbnail-big":["https:\/\/www.americaeb5visa.com\/tr\/wp-content\/uploads\/sites\/6\/2022\/03\/EB-5-Regional-Center-Program-is-reauthorized_-427x340.png",427,340,true],"llorix-one-lite-post-thumbnail-mobile":["https:\/\/www.americaeb5visa.com\/tr\/wp-content\/uploads\/sites\/6\/2022\/03\/EB-5-Regional-Center-Program-is-reauthorized_-427x233.png",427,233,true],"llorix-one-lite-post-thumbnail-latest-news":["https:\/\/www.americaeb5visa.com\/tr\/wp-content\/uploads\/sites\/6\/2022\/03\/EB-5-Regional-Center-Program-is-reauthorized_-150x150.png",150,150,true],"menu-24x24":["https:\/\/www.americaeb5visa.com\/tr\/wp-content\/uploads\/sites\/6\/2022\/03\/EB-5-Regional-Center-Program-is-reauthorized_-24x24.png",24,24,true],"menu-36x36":["https:\/\/www.americaeb5visa.com\/tr\/wp-content\/uploads\/sites\/6\/2022\/03\/EB-5-Regional-Center-Program-is-reauthorized_-36x36.png",36,36,true],"menu-48x48":["https:\/\/www.americaeb5visa.com\/tr\/wp-content\/uploads\/sites\/6\/2022\/03\/EB-5-Regional-Center-Program-is-reauthorized_-48x48.png",48,48,true],"sow-carousel-default":["https:\/\/www.americaeb5visa.com\/tr\/wp-content\/uploads\/sites\/6\/2022\/03\/EB-5-Regional-Center-Program-is-reauthorized_-272x182.png",272,182,true]},"rttpg_author":{"display_name":"AdminNIso","author_link":"https:\/\/www.americaeb5visa.com\/tr\/blog\/author\/admin\/"},"rttpg_comment":0,"rttpg_category":"<a href=\"https:\/\/www.americaeb5visa.com\/tr\/blog\/category\/haber\/\" rel=\"category tag\">Haber<\/a>","rttpg_excerpt":"Yeni asgari yat\u0131r\u0131m tutar\u0131 \u015fimdi 800.000 $! 15 Mart 2022 Sal\u0131 g\u00fcn\u00fc, Ba\u015fkan Biden, H.R. 2471 \u2013 2022 Konsolide \u00d6denekler Yasas\u0131n\u0131 imzalad\u0131.","_links":{"self":[{"href":"https:\/\/www.americaeb5visa.com\/tr\/wp-json\/wp\/v2\/posts\/578","targetHints":{"allow":["GET"]}}],"collection":[{"href":"https:\/\/www.americaeb5visa.com\/tr\/wp-json\/wp\/v2\/posts"}],"about":[{"href":"https:\/\/www.americaeb5visa.com\/tr\/wp-json\/wp\/v2\/types\/post"}],"author":[{"embeddable":true,"href":"https:\/\/www.americaeb5visa.com\/tr\/wp-json\/wp\/v2\/users\/1"}],"replies":[{"embeddable":true,"href":"https:\/\/www.americaeb5visa.com\/tr\/wp-json\/wp\/v2\/comments?post=578"}],"version-history":[{"count":0,"href":"https:\/\/www.americaeb5visa.com\/tr\/wp-json\/wp\/v2\/posts\/578\/revisions"}],"wp:featuredmedia":[{"embeddable":true,"href":"https:\/\/www.americaeb5visa.com\/tr\/wp-json\/wp\/v2\/media\/580"}],"wp:attachment":[{"href":"https:\/\/www.americaeb5visa.com\/tr\/wp-json\/wp\/v2\/media?parent=578"}],"wp:term":[{"taxonomy":"category","embeddable":true,"href":"https:\/\/www.americaeb5visa.com\/tr\/wp-json\/wp\/v2\/categories?post=578"},{"taxonomy":"post_tag","embeddable":true,"href":"https:\/\/www.americaeb5visa.com\/tr\/wp-json\/wp\/v2\/tags?post=578"}],"curies":[{"name":"wp","href":"https:\/\/api.w.org\/{rel}","templated":true}]}}